{"id":144654,"date":"2022-04-02T19:18:03","date_gmt":"2022-04-02T23:18:03","guid":{"rendered":"https:\/\/linitiative.ca\/International\/cote-divoire-la-fondation-mtn-equipe-une-universite-publique-dun-fablab\/"},"modified":"2022-04-02T19:18:03","modified_gmt":"2022-04-02T23:18:03","slug":"cote-divoire-la-fondation-mtn-equipe-une-universite-publique-dun-fablab","status":"publish","type":"post","link":"https:\/\/linitiative.ca\/International\/cote-divoire-la-fondation-mtn-equipe-une-universite-publique-dun-fablab\/","title":{"rendered":"C\u00f4te d\u2019Ivoire: la Fondation MTN \u00e9quipe une universit\u00e9 publique d\u2019un FabLab"},"content":{"rendered":"<div>\n<p><img decoding=\"async\" width=\"800\" height=\"533\" src=\"https:\/\/linitiative.ca\/International\/wp-content\/uploads\/sites\/23\/2022\/04\/16489414842893.jpg\" class=\"attachment-post-thumbnail size-post-thumbnail wp-post-image\" alt=\"\" loading=\"lazy\" srcset=\"https:\/\/linitiative.ca\/International\/wp-content\/uploads\/sites\/23\/2022\/04\/16489414842893.jpg 800w, https:\/\/www.journalducameroun.com\/wp-content\/uploads\/2022\/04\/16489414842893-300x200.jpg 300w, https:\/\/www.journalducameroun.com\/wp-content\/uploads\/2022\/04\/16489414842893-768x512.jpg 768w, https:\/\/www.journalducameroun.com\/wp-content\/uploads\/2022\/04\/16489414842893-660x440.jpg 660w, https:\/\/www.journalducameroun.com\/wp-content\/uploads\/2022\/04\/16489414842893-600x400.jpg 600w\" sizes=\"auto, (max-width: 800px) 100vw, 800px\"><\/p>\n<p>La Fondation MTN C\u00f4te d&rsquo;Ivoire a offert jeudi du mat\u00e9riel informatique et technique \u00e0 l&rsquo;Universit\u00e9 Nangui Abrogoua (publique).Cet \u00e9quipement, remis par la secr\u00e9taire ex\u00e9cutive de la Fondation, Natenin Coulibaly, vise l&rsquo;am\u00e9lioration des comp\u00e9tences des \u00e9tudiants de l&rsquo;UFR des Sciences Fondamentales Appliqu\u00e9es en particulier et \u00e0 faire b\u00e9n\u00e9ficier cette structure des impl\u00e9mentations d&rsquo;un monde connect\u00e9.<\/p>\n<p>Il a pour but d&rsquo;accompagner l&rsquo;Universit\u00e9 Nangui Abrogoua d&rsquo;Abobo-Adjam\u00e9, situ\u00e9e dans le nord d&rsquo;Abidjan, dans la transformation de l&rsquo;apprentissage tout en permettant aux \u00e9tudiants d&rsquo;impl\u00e9menter leurs connaissances et projets via ce laboratoire de fabrication. \u00a0<\/p>\n<p>\u00ab\u00a0Aujourd&rsquo;hui, MTN se pose la question de savoir qu&rsquo;est-ce que nous pouvons faire en mati\u00e8re d&rsquo;\u00e9ducation pour permettre \u00e0 nos jeunes fr\u00e8res d&rsquo;inventer leurs m\u00e9tiers, parce que les m\u00e9tiers traditionnels sont occup\u00e9s\u00a0\u00bb, a d\u00e9clar\u00e9 Mme Natenin Coulibaly.<\/p>\n<p>Selon la secr\u00e9taire ex\u00e9cutive de la Fondation, \u00ab\u00a0si on veut am\u00e9liorer l&#8217;employabilit\u00e9 de nos jeunes, il faut qu&rsquo;on leur permette d&rsquo;\u00eatre plus innovants \u00e0 travers la technologie et chez MTN, la formation est capitale\u00a0\u00bb.\u00a0<\/p>\n<p>\u00ab\u00a0L&rsquo;innovation nous am\u00e8ne vers le LabFab\u00a0\u00bb, soutiendra-t-elle, avant d&rsquo;ajouter que \u00ab\u00a0cette universit\u00e9 est la premi\u00e8re \u00e0 \u00eatre dot\u00e9e d&rsquo;un FabLab (par la Fondation) parce que l&rsquo;universit\u00e9 nous a demand\u00e9 en lieu et place d&rsquo;une salle multim\u00e9dia, d&rsquo;offrir un FabLab\u00a0\u00bb.\u00a0<\/p>\n<p>Il s&rsquo;agit, en outre, de soutenir le gouvernement ivoirien dans le renforcement des capacit\u00e9s des apprenants, tout en am\u00e9liorant leur employabilit\u00e9, a-t-elle soulign\u00e9, tout en exhortant les \u00e9tudiants \u00e0 croire en eux et \u00e0 oser, en cr\u00e9ant et inventant leur m\u00e9tier. \u00a0\u00a0<\/p>\n<p>Le pr\u00e9sident de l&rsquo;Universit\u00e9 Nangui Abrogoua d&rsquo;Abobo-Adjam\u00e9, M. Tano Yao, a remerci\u00e9 le directeur g\u00e9n\u00e9ral de MTN qui a travers la Fondation, a accord\u00e9 ces \u00e9quipements qui permettront d&rsquo;accro\u00eetre les capacit\u00e9s de ce FabLab en mati\u00e8re d&rsquo;innovation technologique pour le b\u00e9n\u00e9fice des utilisateurs, chercheurs, personnel administratif et technique, et surtout les \u00e9tudiants.\u00a0<\/p>\n<p>\u00ab\u00a0Je voudrais rassurer la fondation que nous ferons un tr\u00e8s bon usage de ces \u00e9quipements que nous avons attendus avec beaucoup d&rsquo;impatience; ceux-ci contribueront \u00e0 compl\u00e9ter la formation de nos apprenants\u00a0\u00bb, a-t-il poursuivi.\u00a0<\/p>\n<p>Il a fait observer que gr\u00e2ce \u00e0 ce don, la Fondation contribue de fa\u00e7on qualitative \u00e0 rehausser la qualit\u00e9 de la formation \u00e0 travers la r\u00e9alisation de projets innovants au profit des \u00e9tudiants et du personnel technique. \u00a0<\/p>\n<p>L&rsquo;insertion des jeunes demeure une pr\u00e9occupation mondiale et singuli\u00e8rement en C\u00f4te d&rsquo;Ivoire. Ainsi, dans ses perspectives d&rsquo;auto-employabilit\u00e9, cr\u00e9ativit\u00e9 et de r\u00e9alisation de projets des \u00e9tudiant (e)s en particulier, l&rsquo;Universit\u00e9 Nangui Abrogoua (UNA) s&rsquo;est dot\u00e9 d&rsquo;un FabLab.\u00a0<\/p>\n<p>La r\u00e9alisation de ce projet d&rsquo;un co\u00fbt global de 20 millions de FCFA permettra au FabLab-UNA de b\u00e9n\u00e9ficier des mat\u00e9riels informatiques et num\u00e9riques innovant notamment 10 ordinateurs de Bureau HP core I7, 1 Scanner 3D, 1 kit de tournevis de pr\u00e9cision, 5 Spray de num\u00e9risation, 10 Laque pour impression 3D, etc., et d&rsquo;une connexion \u00e0 l&rsquo;internet gratuite.<\/p>\n<p>Le don d&rsquo;\u00e9quipement de la Fondation intervient dans le cadre de l&rsquo;accompagnement du gouvernement ivoirien \u00e0 encourager la formation des jeunes afin de renforcer leur employabilit\u00e9. La Fondation a offert plus de 150 salles multim\u00e9dias dans plusieurs \u00e9tablissements universitaires, scolaires et centres de sant\u00e9 sur toute l&rsquo;\u00e9tendue du territoire ivoirien.\u00a0<\/p>\n<p>N\u00e9 \u00e0 l&rsquo;universit\u00e9 am\u00e9ricaine du MIT (Massachusetts Institute of Technology) dans le courant des ann\u00e9es 90, le FabLab a pour objectif d&rsquo;offrir un espace de collaboration et de fournir aux utilisateurs les connaissances de base et l&rsquo;aide n\u00e9cessaire \u00e0 la cr\u00e9ation de projets personnels et participatifs<\/p>\n<p>Cet article <a rel=\"nofollow\" href=\"https:\/\/www.journalducameroun.com\/cote-divoire-la-fondation-mtn-equipe-une-universite-publique-dun-fablab\/\">C\u00f4te d\u2019Ivoire: la Fondation MTN \u00e9quipe une universit\u00e9 publique d\u2019un FabLab<\/a> est apparu en premier sur <a rel=\"nofollow\" href=\"https:\/\/www.journalducameroun.com\/\">Journal du Cameroun<\/a>.<\/p>\n<\/div>\n<p>Auteur: APA News<br \/>\n<a href=\"https:\/\/www.journalducameroun.com\/cote-divoire-la-fondation-mtn-equipe-une-universite-publique-dun-fablab\/\">Cliquez ici pour lire l&rsquo;article depuis sa source.<\/a><\/p>\n","protected":false},"excerpt":{"rendered":"<p>La Fondation MTN C\u00f4te d&rsquo;Ivoire a offert jeudi du mat\u00e9riel informatique et technique \u00e0 l&rsquo;Universit\u00e9 Nangui Abrogoua (publique).Cet \u00e9quipement, remis par la secr\u00e9taire ex\u00e9cutive de la Fondation, Natenin Coulibaly, vise l&rsquo;am\u00e9lioration des comp\u00e9tences des \u00e9tudiants de l&rsquo;UFR des Sciences Fondamentales Appliqu\u00e9es en particulier et \u00e0 faire b\u00e9n\u00e9ficier cette structure des impl\u00e9mentations d&rsquo;un monde connect\u00e9. Il [&hellip;]<\/p>\n","protected":false},"author":1965,"featured_media":0,"comment_status":"closed","ping_status":"closed","sticky":false,"template":"","format":"standard","meta":{"fifu_image_url":"https:\/\/www.journalducameroun.com\/wp-content\/uploads\/2022\/04\/16489414842893.jpg","fifu_image_alt":"C\u00f4te d\u2019Ivoire: la Fondation MTN \u00e9quipe une universit\u00e9 publique d\u2019un FabLab","footnotes":""},"categories":[73,82],"tags":[],"class_list":["post-144654","post","type-post","status-publish","format-standard","hentry","category-actualite","category-cameroun"],"_links":{"self":[{"href":"https:\/\/linitiative.ca\/International\/wp-json\/wp\/v2\/posts\/144654","targetHints":{"allow":["GET"]}}],"collection":[{"href":"https:\/\/linitiative.ca\/International\/wp-json\/wp\/v2\/posts"}],"about":[{"href":"https:\/\/linitiative.ca\/International\/wp-json\/wp\/v2\/types\/post"}],"author":[{"embeddable":true,"href":"https:\/\/linitiative.ca\/International\/wp-json\/wp\/v2\/users\/1965"}],"replies":[{"embeddable":true,"href":"https:\/\/linitiative.ca\/International\/wp-json\/wp\/v2\/comments?post=144654"}],"version-history":[{"count":0,"href":"https:\/\/linitiative.ca\/International\/wp-json\/wp\/v2\/posts\/144654\/revisions"}],"wp:attachment":[{"href":"https:\/\/linitiative.ca\/International\/wp-json\/wp\/v2\/media?parent=144654"}],"wp:term":[{"taxonomy":"category","embeddable":true,"href":"https:\/\/linitiative.ca\/International\/wp-json\/wp\/v2\/categories?post=144654"},{"taxonomy":"post_tag","embeddable":true,"href":"https:\/\/linitiative.ca\/International\/wp-json\/wp\/v2\/tags?post=144654"}],"curies":[{"name":"wp","href":"https:\/\/api.w.org\/{rel}","templated":true}]}}