{"id":144658,"date":"2022-04-03T09:18:03","date_gmt":"2022-04-03T13:18:03","guid":{"rendered":"https:\/\/linitiative.ca\/International\/burkina-80-civils-et-militaires-tues-en-trois-semaines\/"},"modified":"2022-04-03T09:18:03","modified_gmt":"2022-04-03T13:18:03","slug":"burkina-80-civils-et-militaires-tues-en-trois-semaines","status":"publish","type":"post","link":"https:\/\/linitiative.ca\/International\/burkina-80-civils-et-militaires-tues-en-trois-semaines\/","title":{"rendered":"Burkina : 80 civils et militaires tu\u00e9s en trois semaines"},"content":{"rendered":"<div>\n<p><img decoding=\"async\" width=\"750\" height=\"423\" src=\"https:\/\/linitiative.ca\/International\/wp-content\/uploads\/sites\/23\/2022\/04\/16489918839761.jpg\" class=\"attachment-post-thumbnail size-post-thumbnail wp-post-image\" alt=\"\" loading=\"lazy\" srcset=\"https:\/\/linitiative.ca\/International\/wp-content\/uploads\/sites\/23\/2022\/04\/16489918839761.jpg 750w, https:\/\/www.journalducameroun.com\/wp-content\/uploads\/2022\/04\/16489918839761-300x169.jpg 300w, https:\/\/www.journalducameroun.com\/wp-content\/uploads\/2022\/04\/16489918839761-780x440.jpg 780w, https:\/\/www.journalducameroun.com\/wp-content\/uploads\/2022\/04\/16489918839761-380x215.jpg 380w, https:\/\/www.journalducameroun.com\/wp-content\/uploads\/2022\/04\/16489918839761-160x90.jpg 160w, https:\/\/www.journalducameroun.com\/wp-content\/uploads\/2022\/04\/16489918839761-240x135.jpg 240w, https:\/\/www.journalducameroun.com\/wp-content\/uploads\/2022\/04\/16489918839761-600x338.jpg 600w\" sizes=\"auto, (max-width: 750px) 100vw, 750px\"><\/p>\n<p>La derni\u00e8re attaque de la mine d&rsquo;or de Kougdiguin dans la nuit du jeudi 31 mars au vendredi 1er avril, a fait une vingtaine de morts.Alors le r\u00e9gime de la transition de Ouagadougou se dit pr\u00eat \u00e0 n\u00e9gocier avec les groupes arm\u00e9s, les massacres se poursuivent au au Nord du pays.\u00a0<\/p>\n<p>Au total, plus 80 civils et militaires ont eu tu\u00e9s en l&rsquo;espace de trois semaines au Burkina Faso. Une flamb\u00e9e de la violence confirm\u00e9e par la derni\u00e8re attaque\u00a0au Nord-Est du pays.\u00a0<\/p>\n<p>Plusieurs dizaines d&rsquo;hommes arm\u00e9s \u00e0 bord de motocyclettes ont attaqu\u00e9 le site d&rsquo;orpaillage de Kougdiguin\u00a0pr\u00e8s de Barga, une localit\u00e9 de la commune rurale de Bouroum, dans la province du Namentenga selon des sources locales.\u00a0<\/p>\n<p>L&rsquo;attaque serait l&rsquo;\u0153uvre d&rsquo;individus arm\u00e9s qui ont ouvert le feu sur les orpailleurs sans distinction causant au moins 20 morts selon une autre source locale.\u00a0<\/p>\n<p>Les attaques sur les mines d&rsquo;or sont devenues fr\u00e9quentes ces derniers jours au Burkina Faso. Le 12 mars dernier, onze personnes avaient \u00e9t\u00e9 tues dans l&rsquo;attaque d&rsquo;une mine d&rsquo;or artisanale \u00e0 Baliata, une localit\u00e9 situ\u00e9e sur l&rsquo;axe Dori, chef-lieu de la r\u00e9gion du Sahel, \u00e9galement dans le nord du Burkina.\u00a0Les assaillants tentaient de saboter des installations de plusieurs forages selon un responsable local.<\/p>\n<p>Dimanche 13 mars, au moins 13 gendarmes burkinab\u00e8 avaient \u00e9t\u00e9 tu\u00e9s dans une embuscade pr\u00e8s de Taparko, localit\u00e9 mini\u00e8re situ\u00e9e dans le nord du pays en proie \u00e0 des attaques jihadistes fr\u00e9quentes et meurtri\u00e8res.<\/p>\n<p>Deux jours avant, des hommes arm\u00e9s ont attaqu\u00e9 la mine d&rsquo;or sauvage de Tondobi, situ\u00e9e dans la commune de Seytenga, pr\u00e8s de la fronti\u00e8re nig\u00e9rienne, faisant une dizaine de morts.<\/p>\n<p>Le Burkina Faso dans sa partie Nord du pays et l&rsquo;Est est confront\u00e9 \u00e0 de nombreuses attaques jihadistes qui ont fait plus de 2000 morts et pr\u00e8s d&rsquo;1,7 millions d\u00e9plac\u00e9s depuis 2015.<\/p>\n<p>Cet Etat d&rsquo;Afrique de l&rsquo;Ouest est secou\u00e9 depuis quelques ann\u00e9es par une crise s\u00e9curitaire en lien avec la menace jihadiste qui se r\u00e9pand au Sahel. Le 24 janvier dernier, le pr\u00e9sident Roch Marc Christian Kabor\u00e9 au pouvoir depuis 2015, a \u00e9t\u00e9 destitu\u00e9 par l&rsquo;arm\u00e9e qui lui reproche d&rsquo;\u00eatre inefficace face aux groupes jihadistes et la menace terroriste.<\/p>\n<p>Le lieutenant-colonel Paul-Henri Sandaogo Damiba qui a pris le pouvoir, s&rsquo;est fix\u00e9 pour mission durant la p\u00e9riode de transition de 36 mois, de \u00ab remettre le pays sur le bon chemin et de rassembler toutes ses forces afin de lutter pour son int\u00e9grit\u00e9 territoriale, son redressement et sa souverainet\u00e9. \u00bb<\/p>\n<p>Cet article <a rel=\"nofollow\" href=\"https:\/\/www.journalducameroun.com\/burkina-80-civils-et-militaires-tues-en-trois-semaines\/\">Burkina : 80 civils et militaires tu\u00e9s en trois semaines<\/a> est apparu en premier sur <a rel=\"nofollow\" href=\"https:\/\/www.journalducameroun.com\/\">Journal du Cameroun<\/a>.<\/p>\n<\/div>\n<p>Auteur: APA News<br \/>\n<a href=\"https:\/\/www.journalducameroun.com\/burkina-80-civils-et-militaires-tues-en-trois-semaines\/\">Cliquez ici pour lire l&rsquo;article depuis sa source.<\/a><\/p>\n","protected":false},"excerpt":{"rendered":"<p>La derni\u00e8re attaque de la mine d&rsquo;or de Kougdiguin dans la nuit du jeudi 31 mars au vendredi 1er avril, a fait une vingtaine de morts.Alors le r\u00e9gime de la transition de Ouagadougou se dit pr\u00eat \u00e0 n\u00e9gocier avec les groupes arm\u00e9s, les massacres se poursuivent au au Nord du pays.\u00a0 Au total, plus 80 [&hellip;]<\/p>\n","protected":false},"author":1965,"featured_media":0,"comment_status":"closed","ping_status":"closed","sticky":false,"template":"","format":"standard","meta":{"fifu_image_url":"https:\/\/www.journalducameroun.com\/wp-content\/uploads\/2022\/04\/16489918839761.jpg","fifu_image_alt":"Burkina : 80 civils et militaires tu\u00e9s en trois semaines","footnotes":""},"categories":[73,82],"tags":[],"class_list":["post-144658","post","type-post","status-publish","format-standard","hentry","category-actualite","category-cameroun"],"_links":{"self":[{"href":"https:\/\/linitiative.ca\/International\/wp-json\/wp\/v2\/posts\/144658","targetHints":{"allow":["GET"]}}],"collection":[{"href":"https:\/\/linitiative.ca\/International\/wp-json\/wp\/v2\/posts"}],"about":[{"href":"https:\/\/linitiative.ca\/International\/wp-json\/wp\/v2\/types\/post"}],"author":[{"embeddable":true,"href":"https:\/\/linitiative.ca\/International\/wp-json\/wp\/v2\/users\/1965"}],"replies":[{"embeddable":true,"href":"https:\/\/linitiative.ca\/International\/wp-json\/wp\/v2\/comments?post=144658"}],"version-history":[{"count":0,"href":"https:\/\/linitiative.ca\/International\/wp-json\/wp\/v2\/posts\/144658\/revisions"}],"wp:attachment":[{"href":"https:\/\/linitiative.ca\/International\/wp-json\/wp\/v2\/media?parent=144658"}],"wp:term":[{"taxonomy":"category","embeddable":true,"href":"https:\/\/linitiative.ca\/International\/wp-json\/wp\/v2\/categories?post=144658"},{"taxonomy":"post_tag","embeddable":true,"href":"https:\/\/linitiative.ca\/International\/wp-json\/wp\/v2\/tags?post=144658"}],"curies":[{"name":"wp","href":"https:\/\/api.w.org\/{rel}","templated":true}]}}