{"id":144660,"date":"2022-04-03T14:18:03","date_gmt":"2022-04-03T18:18:03","guid":{"rendered":"https:\/\/linitiative.ca\/International\/cote-divoire-le-projet-de-loi-sur-le-divorce-a-lassemblee\/"},"modified":"2022-04-03T14:18:03","modified_gmt":"2022-04-03T18:18:03","slug":"cote-divoire-le-projet-de-loi-sur-le-divorce-a-lassemblee","status":"publish","type":"post","link":"https:\/\/linitiative.ca\/International\/cote-divoire-le-projet-de-loi-sur-le-divorce-a-lassemblee\/","title":{"rendered":"C\u00f4te d\u2019Ivoire : le projet de loi sur le divorce \u00e0 l\u2019Assembl\u00e9e"},"content":{"rendered":"<div>\n<p><img decoding=\"async\" width=\"750\" height=\"449\" src=\"https:\/\/linitiative.ca\/International\/wp-content\/uploads\/sites\/23\/2022\/04\/16490098831662.jpg\" class=\"attachment-post-thumbnail size-post-thumbnail wp-post-image\" alt=\"\" loading=\"lazy\" srcset=\"https:\/\/linitiative.ca\/International\/wp-content\/uploads\/sites\/23\/2022\/04\/16490098831662.jpg 750w, https:\/\/www.journalducameroun.com\/wp-content\/uploads\/2022\/04\/16490098831662-300x180.jpg 300w, https:\/\/www.journalducameroun.com\/wp-content\/uploads\/2022\/04\/16490098831662-735x440.jpg 735w, https:\/\/www.journalducameroun.com\/wp-content\/uploads\/2022\/04\/16490098831662-600x359.jpg 600w\" sizes=\"auto, (max-width: 750px) 100vw, 750px\"><\/p>\n<p>24 projets de lois ont \u00e9t\u00e9 soumis aux d\u00e9put\u00e9s ivoiriens pour la session ordinaire 2022 parmi lesquels le projet de loi relatif au divorce et \u00e0 la s\u00e9paration de corps.La session ordinaire 2022 de l&rsquo;Assembl\u00e9e nationale ouverte vendredi, est pr\u00e9sid\u00e9e par Adama Bictogo, vice-pr\u00e9sident, en l&rsquo;absence du pr\u00e9sident de l&rsquo;institution qui qui remplace Amadou Soumahoro convalescent.<\/p>\n<p>Pour cette session 2022, M. Bictogo a indiqu\u00e9 que \u00ab\u00a024 projets de lois se trouvent en ce moment sur le bureau de l&rsquo;Assembl\u00e9e nationale dont le calendrier de travail sera soumis incessamment en pl\u00e9ni\u00e8re pour adoption\u00a0\u00bb.\u00a0<\/p>\n<p>\u00ab\u00a0Nous enregistrons d\u00e9j\u00e0 13 projets de lois portant autorisation de ratification de conventions internationales, cinq projets de lois portant ratification d&rsquo;ordonnance, et six projets de lois ordinaires\u00a0\u00bb, a-t-il soulign\u00e9.\u00a0<\/p>\n<p>Parmi ces 24 projets de lois, certains susciteront ind\u00e9niablement un grand int\u00e9r\u00eat, notamment le projet de loi relatif au divorce et \u00e0 la s\u00e9paration de corps. Il vient en compl\u00e9ment des derni\u00e8res r\u00e9formes intervenues sur le dispositif relatif au mariage.<\/p>\n<p>Il a ajout\u00e9 qu&rsquo;il met un accent particulier sur la protection des int\u00e9r\u00eats moraux et mat\u00e9riels des enfants. M. Bictogo a par ailleurs \u00e9voqu\u00e9 le projet de loi relatif \u00e0 la cybercriminalit\u00e9 compte tenu des menaces dans le cyber espace en mettent en place un dispositif plus r\u00e9pressif. \u00a0<\/p>\n<p>La session l\u00e9gislative pr\u00e9c\u00e9dente a \u00e9t\u00e9 marqu\u00e9e, \u00a0entre autres, au plan l\u00e9gislatif par 23 projets de lois qui ont \u00e9t\u00e9 examin\u00e9s et adopt\u00e9s, \u00a0six projets de lois portant autorisation de ratification de conventions internationales, \u00a0sept projets de lois portant ratification d&rsquo;ordonnance.<\/p>\n<p>Les d\u00e9put\u00e9s ont en outre adopt\u00e9 sept projets de lois ordinaires \u00e0 caract\u00e8re \u00e9conomique, social, politique et culturel; trois projets de lois \u00e0 caract\u00e8re financier (r\u00e8glement du budget de l&rsquo;Etat 2020, projet de loi des finances rectificatives du budget 2021, projet de loi des finances pour 2022).<\/p>\n<p>\u00ab\u00a0L&rsquo;impact social de toutes ces lois est patent et nettement perceptible \u00e0 tous les niveaux\u00a0\u00bb, a d\u00e9clar\u00e9 M. Bictogo, relevant comme entre autre \u00e9l\u00e9ment d&rsquo;illustration, la ratification du protocole de la Cedeao sur la lutte contre la corruption et l&rsquo;adoption du r\u00e9gime fiscal et douanier de la convention de concession de la ligne du M\u00e9tro d&rsquo;Abidjan qui va g\u00e9n\u00e9rer 20 000 emplois directs.<\/p>\n<p>Cet article <a rel=\"nofollow\" href=\"https:\/\/www.journalducameroun.com\/cote-divoire-le-projet-de-loi-sur-le-divorce-a-lassemblee\/\">C\u00f4te d\u2019Ivoire : le projet de loi sur le divorce \u00e0 l\u2019Assembl\u00e9e<\/a> est apparu en premier sur <a rel=\"nofollow\" href=\"https:\/\/www.journalducameroun.com\/\">Journal du Cameroun<\/a>.<\/p>\n<\/div>\n<p>Auteur: APA News<br \/>\n<a href=\"https:\/\/www.journalducameroun.com\/cote-divoire-le-projet-de-loi-sur-le-divorce-a-lassemblee\/\">Cliquez ici pour lire l&rsquo;article depuis sa source.<\/a><\/p>\n","protected":false},"excerpt":{"rendered":"<p>24 projets de lois ont \u00e9t\u00e9 soumis aux d\u00e9put\u00e9s ivoiriens pour la session ordinaire 2022 parmi lesquels le projet de loi relatif au divorce et \u00e0 la s\u00e9paration de corps.La session ordinaire 2022 de l&rsquo;Assembl\u00e9e nationale ouverte vendredi, est pr\u00e9sid\u00e9e par Adama Bictogo, vice-pr\u00e9sident, en l&rsquo;absence du pr\u00e9sident de l&rsquo;institution qui qui remplace Amadou Soumahoro [&hellip;]<\/p>\n","protected":false},"author":1965,"featured_media":0,"comment_status":"closed","ping_status":"closed","sticky":false,"template":"","format":"standard","meta":{"fifu_image_url":"https:\/\/www.journalducameroun.com\/wp-content\/uploads\/2022\/04\/16490098831662.jpg","fifu_image_alt":"C\u00f4te d\u2019Ivoire : le projet de loi sur le divorce \u00e0 l\u2019Assembl\u00e9e","footnotes":""},"categories":[73,82],"tags":[],"class_list":["post-144660","post","type-post","status-publish","format-standard","hentry","category-actualite","category-cameroun"],"_links":{"self":[{"href":"https:\/\/linitiative.ca\/International\/wp-json\/wp\/v2\/posts\/144660","targetHints":{"allow":["GET"]}}],"collection":[{"href":"https:\/\/linitiative.ca\/International\/wp-json\/wp\/v2\/posts"}],"about":[{"href":"https:\/\/linitiative.ca\/International\/wp-json\/wp\/v2\/types\/post"}],"author":[{"embeddable":true,"href":"https:\/\/linitiative.ca\/International\/wp-json\/wp\/v2\/users\/1965"}],"replies":[{"embeddable":true,"href":"https:\/\/linitiative.ca\/International\/wp-json\/wp\/v2\/comments?post=144660"}],"version-history":[{"count":0,"href":"https:\/\/linitiative.ca\/International\/wp-json\/wp\/v2\/posts\/144660\/revisions"}],"wp:attachment":[{"href":"https:\/\/linitiative.ca\/International\/wp-json\/wp\/v2\/media?parent=144660"}],"wp:term":[{"taxonomy":"category","embeddable":true,"href":"https:\/\/linitiative.ca\/International\/wp-json\/wp\/v2\/categories?post=144660"},{"taxonomy":"post_tag","embeddable":true,"href":"https:\/\/linitiative.ca\/International\/wp-json\/wp\/v2\/tags?post=144660"}],"curies":[{"name":"wp","href":"https:\/\/api.w.org\/{rel}","templated":true}]}}