{"id":144662,"date":"2022-04-03T17:18:03","date_gmt":"2022-04-03T21:18:03","guid":{"rendered":"https:\/\/linitiative.ca\/International\/casamance-macky-sall-donne-son-feu-vert-pour-la-poursuite-des-operations\/"},"modified":"2022-04-03T17:18:03","modified_gmt":"2022-04-03T21:18:03","slug":"casamance-macky-sall-donne-son-feu-vert-pour-la-poursuite-des-operations","status":"publish","type":"post","link":"https:\/\/linitiative.ca\/International\/casamance-macky-sall-donne-son-feu-vert-pour-la-poursuite-des-operations\/","title":{"rendered":"Casamance : Macky Sall donne son feu-vert pour la poursuite des op\u00e9rations"},"content":{"rendered":"<div>\n<p><img decoding=\"async\" width=\"1280\" height=\"724\" src=\"https:\/\/linitiative.ca\/International\/wp-content\/uploads\/sites\/23\/2022\/04\/16490206839351.jpg\" class=\"attachment-post-thumbnail size-post-thumbnail wp-post-image\" alt=\"\" loading=\"lazy\" srcset=\"https:\/\/linitiative.ca\/International\/wp-content\/uploads\/sites\/23\/2022\/04\/16490206839351.jpg 1280w, https:\/\/www.journalducameroun.com\/wp-content\/uploads\/2022\/04\/16490206839351-300x170.jpg 300w, https:\/\/www.journalducameroun.com\/wp-content\/uploads\/2022\/04\/16490206839351-1024x579.jpg 1024w, https:\/\/www.journalducameroun.com\/wp-content\/uploads\/2022\/04\/16490206839351-768x434.jpg 768w, https:\/\/www.journalducameroun.com\/wp-content\/uploads\/2022\/04\/16490206839351-780x440.jpg 780w, https:\/\/www.journalducameroun.com\/wp-content\/uploads\/2022\/04\/16490206839351-380x215.jpg 380w, https:\/\/www.journalducameroun.com\/wp-content\/uploads\/2022\/04\/16490206839351-160x90.jpg 160w, https:\/\/www.journalducameroun.com\/wp-content\/uploads\/2022\/04\/16490206839351-240x135.jpg 240w, https:\/\/www.journalducameroun.com\/wp-content\/uploads\/2022\/04\/16490206839351-778x440.jpg 778w, https:\/\/www.journalducameroun.com\/wp-content\/uploads\/2022\/04\/16490206839351-600x339.jpg 600w\" sizes=\"auto, (max-width: 1280px) 100vw, 1280px\"><\/p>\n<p>Le pr\u00e9sident s\u00e9n\u00e9galais a indiqu\u00e9 dimanche, \u00e0 la veille de la c\u00e9l\u00e9bration du 62e anniversaire de l&rsquo;ind\u00e9pendance de son pays, avoir autoris\u00e9 la poursuite des op\u00e9rations militaires pour la d\u00e9fense de l&rsquo;int\u00e9grit\u00e9 territoriale.Le S\u00e9n\u00e9gal tient \u00e0 la pr\u00e9servation du sanctuaire national, particuli\u00e8rement en Casamance, au sud du pays o\u00f9 s\u00e9vit une r\u00e9bellion de plus de quarante ans. Si les forces de d\u00e9fense et de s\u00e9curit\u00e9 ont engag\u00e9 le mois dernier des op\u00e9rations d&rsquo;envergure occasionnant le d\u00e9mant\u00e8lement des bases rebelles de Salif Sadio, dans le nord Sindian pr\u00e9cis\u00e9ment, Macky Sall ne veut pas s&rsquo;en arr\u00eater l\u00e0.<\/p>\n<p>\u00ab J&rsquo;ai donn\u00e9 ordre \u00e0 nos Forces de d\u00e9fense et de s\u00e9curit\u00e9 de poursuivre sans r\u00e9pit ces op\u00e9rations jusqu&rsquo;\u00e0 ce que tous les objectifs assign\u00e9s soient atteints \u00bb, a indiqu\u00e9 le chef de l&rsquo;Etat s\u00e9n\u00e9galais dans un message \u00e0 la nation d&rsquo;une quinzaine de minutes.\u00a0<\/p>\n<p>\u00ab\u00a0Les hommes et femmes qui ont choisi le m\u00e9tier des armes pour d\u00e9fendre les int\u00e9r\u00eats vitaux de la nation, au p\u00e9ril de leur vie, m\u00e9ritent notre soutien et notre gratitude. C&rsquo;est pourquoi je tiens \u00e0 l&rsquo;am\u00e9lioration constante des conditions d&rsquo;existence de nos soldats, l&rsquo;efficacit\u00e9 op\u00e9rationnelle de leurs missions et la qui\u00e9tude de leurs familles \u00bb, a-t-il poursuivi, ajoutant que le th\u00e8me de la f\u00eate de l&rsquo;ind\u00e9pendance de cette ann\u00e9e porte sur \u00ab\u00a0Forces de d\u00e9fense et de s\u00e9curit\u00e9 et r\u00e9silience nationale \u00bb.<\/p>\n<p>Pour le non moins pr\u00e9sident en exercice de l&rsquo;Union africaine (UA), \u00ab ce th\u00e8me nous invite \u00e0 pers\u00e9v\u00e9rer dans nos efforts individuels et collectifs face aux \u00e9preuves de notre temps \u00bb. Il fait r\u00e9f\u00e9rence au contexte mondial \u00ab agit\u00e9 et incertain\u00a0\u00bb (terrorisme, guerre russo-ukrainienne), auquel s&rsquo;ajoute la profonde crise sanitaire et \u00e9conomique n\u00e9e de la pand\u00e9mie de Covid-19.<\/p>\n<p>En lieu et place de la place de la Nation (ex-place de l&rsquo;Ob\u00e9lisque), le d\u00e9fil\u00e9 marquant cette \u00e9dition de la f\u00eate nationale aura lieu \u00e0 la place de l&rsquo;Ind\u00e9pendance \u00ab en raison des travaux sur le chantier du BRT (Bus Rapid Transfer) \u00bb. Cette c\u00e9r\u00e9monie se tiendra \u00ab en format r\u00e9duit ; mais avec toute la solennit\u00e9 qui exalte notre commun vouloir de vie commune et la symbiose Arm\u00e9e-Nation \u00bb, a assur\u00e9 le pr\u00e9sident Macky Sall.<\/p>\n<p>Cet article <a rel=\"nofollow\" href=\"https:\/\/www.journalducameroun.com\/casamance-macky-sall-donne-son-feu-vert-pour-la-poursuite-des-operations\/\">Casamance : Macky Sall donne son feu-vert pour la poursuite des op\u00e9rations<\/a> est apparu en premier sur <a rel=\"nofollow\" href=\"https:\/\/www.journalducameroun.com\/\">Journal du Cameroun<\/a>.<\/p>\n<\/div>\n<p>Auteur: APA News<br \/>\n<a href=\"https:\/\/www.journalducameroun.com\/casamance-macky-sall-donne-son-feu-vert-pour-la-poursuite-des-operations\/\">Cliquez ici pour lire l&rsquo;article depuis sa source.<\/a><\/p>\n","protected":false},"excerpt":{"rendered":"<p>Le pr\u00e9sident s\u00e9n\u00e9galais a indiqu\u00e9 dimanche, \u00e0 la veille de la c\u00e9l\u00e9bration du 62e anniversaire de l&rsquo;ind\u00e9pendance de son pays, avoir autoris\u00e9 la poursuite des op\u00e9rations militaires pour la d\u00e9fense de l&rsquo;int\u00e9grit\u00e9 territoriale.Le S\u00e9n\u00e9gal tient \u00e0 la pr\u00e9servation du sanctuaire national, particuli\u00e8rement en Casamance, au sud du pays o\u00f9 s\u00e9vit une r\u00e9bellion de plus de [&hellip;]<\/p>\n","protected":false},"author":1965,"featured_media":0,"comment_status":"closed","ping_status":"closed","sticky":false,"template":"","format":"standard","meta":{"fifu_image_url":"https:\/\/www.journalducameroun.com\/wp-content\/uploads\/2022\/04\/16490206839351.jpg","fifu_image_alt":"Casamance : Macky Sall donne son feu-vert pour la poursuite des op\u00e9rations","footnotes":""},"categories":[73,82],"tags":[],"class_list":["post-144662","post","type-post","status-publish","format-standard","hentry","category-actualite","category-cameroun"],"_links":{"self":[{"href":"https:\/\/linitiative.ca\/International\/wp-json\/wp\/v2\/posts\/144662","targetHints":{"allow":["GET"]}}],"collection":[{"href":"https:\/\/linitiative.ca\/International\/wp-json\/wp\/v2\/posts"}],"about":[{"href":"https:\/\/linitiative.ca\/International\/wp-json\/wp\/v2\/types\/post"}],"author":[{"embeddable":true,"href":"https:\/\/linitiative.ca\/International\/wp-json\/wp\/v2\/users\/1965"}],"replies":[{"embeddable":true,"href":"https:\/\/linitiative.ca\/International\/wp-json\/wp\/v2\/comments?post=144662"}],"version-history":[{"count":0,"href":"https:\/\/linitiative.ca\/International\/wp-json\/wp\/v2\/posts\/144662\/revisions"}],"wp:attachment":[{"href":"https:\/\/linitiative.ca\/International\/wp-json\/wp\/v2\/media?parent=144662"}],"wp:term":[{"taxonomy":"category","embeddable":true,"href":"https:\/\/linitiative.ca\/International\/wp-json\/wp\/v2\/categories?post=144662"},{"taxonomy":"post_tag","embeddable":true,"href":"https:\/\/linitiative.ca\/International\/wp-json\/wp\/v2\/tags?post=144662"}],"curies":[{"name":"wp","href":"https:\/\/api.w.org\/{rel}","templated":true}]}}