{"id":144664,"date":"2022-04-04T09:00:09","date_gmt":"2022-04-04T13:00:09","guid":{"rendered":"https:\/\/linitiative.ca\/International\/souverainete-industrielle-le-cas-du-maroc-mis-en-avant-a-tanger\/"},"modified":"2022-04-04T09:00:09","modified_gmt":"2022-04-04T13:00:09","slug":"souverainete-industrielle-le-cas-du-maroc-mis-en-avant-a-tanger","status":"publish","type":"post","link":"https:\/\/linitiative.ca\/International\/souverainete-industrielle-le-cas-du-maroc-mis-en-avant-a-tanger\/","title":{"rendered":"Souverainet\u00e9 industrielle : Le cas du Maroc mis en avant \u00e0 Tanger"},"content":{"rendered":"<div>\n<p><img loading=\"lazy\" decoding=\"async\" width=\"300\" height=\"153\" src=\"https:\/\/linitiative.ca\/International\/wp-content\/uploads\/sites\/23\/2022\/04\/Moulay-Hafid-Alalamy-Ryad-Mezzour-et-Younes-Sekkouri-Industry-Meeting-Days-Morocco-300x153-1.jpg\" class=\"attachment-medium size-medium wp-post-image\" alt=\"\" srcset=\"https:\/\/linitiative.ca\/International\/wp-content\/uploads\/sites\/23\/2022\/04\/Moulay-Hafid-Alalamy-Ryad-Mezzour-et-Younes-Sekkouri-Industry-Meeting-Days-Morocco-300x153-1.jpg 300w, https:\/\/aujourdhui.ma\/wp-content\/uploads\/2022\/04\/Moulay-Hafid-Alalamy-Ryad-Mezzour-et-Younes-Sekkouri-Industry-Meeting-Days-Morocco-274x140.jpg 274w, https:\/\/aujourdhui.ma\/wp-content\/uploads\/2022\/04\/Moulay-Hafid-Alalamy-Ryad-Mezzour-et-Younes-Sekkouri-Industry-Meeting-Days-Morocco.jpg 746w, https:\/\/aujourdhui.ma\/wp-content\/uploads\/2022\/04\/Moulay-Hafid-Alalamy-Ryad-Mezzour-et-Younes-Sekkouri-Industry-Meeting-Days-Morocco-165x84.jpg 165w, https:\/\/aujourdhui.ma\/wp-content\/uploads\/2022\/04\/Moulay-Hafid-Alalamy-Ryad-Mezzour-et-Younes-Sekkouri-Industry-Meeting-Days-Morocco-702x358.jpg 702w\" sizes=\"auto, (max-width: 300px) 100vw, 300px\"><\/p>\n<p><span style=\"font-size: 20px; color: #800000;\"><strong>Acteurs \u00e9conomiques et industriels, universitaires, experts mais aussi des responsables nationaux et r\u00e9gionaux y ont pris part<\/strong><\/span><span id=\"more-404196\"><\/span><\/p>\n<p>La souverainet\u00e9 industrielle, qu\u2019il ne faut pas confondre avec l\u2019autosuffisance, est plut\u00f4t un m\u00e9lange de s\u00e9curit\u00e9, notamment de cha\u00eenes de valeur, d\u2019influence industrielle pour avoir acc\u00e8s aux march\u00e9s, valoriser davantage les ressources et ne pas les mercantiliser. C\u2019est ce qu\u2019a indiqu\u00e9 Ryad Mezzour, ministre de l\u2019industrie et du commerce, lors de la s\u00e9ance d\u2019ouverture de la quatri\u00e8me \u00e9dition des Industry Meeting Days Morocco organis\u00e9e, vendredi 1er avril, \u00e0 Tanger, sous le th\u00e8me \u00abLa souverainet\u00e9 industrielle, \u00e9nerg\u00e9tique, sanitaire et alimentaire au service du d\u00e9veloppement des territoires, de l\u2019investissement et de l\u2019emploi\u00bb.<\/p>\n<p><img loading=\"lazy\" decoding=\"async\" class=\"aligncenter size-full wp-image-404235\" src=\"https:\/\/linitiative.ca\/International\/wp-content\/uploads\/sites\/23\/2022\/04\/Ryad-Mezzour-et-Younes-Sekkouri-Industry-Meeting-Days-Morocco.jpg\" alt=\"\" width=\"746\" height=\"380\" srcset=\"https:\/\/linitiative.ca\/International\/wp-content\/uploads\/sites\/23\/2022\/04\/Ryad-Mezzour-et-Younes-Sekkouri-Industry-Meeting-Days-Morocco.jpg 746w, https:\/\/aujourdhui.ma\/wp-content\/uploads\/2022\/04\/Ryad-Mezzour-et-Younes-Sekkouri-Industry-Meeting-Days-Morocco-300x153.jpg 300w, https:\/\/aujourdhui.ma\/wp-content\/uploads\/2022\/04\/Ryad-Mezzour-et-Younes-Sekkouri-Industry-Meeting-Days-Morocco-274x140.jpg 274w, https:\/\/aujourdhui.ma\/wp-content\/uploads\/2022\/04\/Ryad-Mezzour-et-Younes-Sekkouri-Industry-Meeting-Days-Morocco-165x84.jpg 165w, https:\/\/aujourdhui.ma\/wp-content\/uploads\/2022\/04\/Ryad-Mezzour-et-Younes-Sekkouri-Industry-Meeting-Days-Morocco-702x358.jpg 702w\" sizes=\"auto, (max-width: 746px) 100vw, 746px\"><\/p>\n<p>L\u2019intervenant a fait part qu\u2019il y a eu ces derni\u00e8res ann\u00e9es une transformation culturelle chez l\u2019op\u00e9rateur et l\u2019investisseur marocain. Il y a eu ainsi le passage, selon Mezzour, d\u2019une \u00e9conomie prot\u00e9g\u00e9e avec plus d\u2019investissements dans l\u2019immobilier vers une \u00e9conomie innovante. Il a tenu \u00e0 pr\u00e9ciser que l\u2019industrie marocaine a pu retrouver son dynamisme d\u2019avant la pand\u00e9mie en r\u00e9cup\u00e9rant 101% des emplois par rapport \u00e0 2019. Elle a r\u00e9ussi \u00e0 r\u00e9pondre aux besoins du Maroc, mais aussi \u00e0 ceux des pays partenaires et amis. \u00abLe Maroc est en train de se dimensionner pour investir le monde entier et pour aller prendre le plus de parts de march\u00e9s possible\u00bb, a dit M. Mezzour.<br \/>\nPar ailleurs et apr\u00e8s une absence de deux ans, les 4\u00e8mes Industry Meeting Days- qui se sont distingu\u00e9s par la participation des acteurs \u00e9conomiques et industriels, universitaires, des experts ainsi que des responsables nationaux et r\u00e9gionaux, se sont d\u00e9roul\u00e9s dans un contexte particulier de sortie de crise pand\u00e9mique. \u00abCette rencontre permet de valoriser les acquis du Maroc en mati\u00e8re de politique industrielle\u00bb, a affirm\u00e9 Younes Sekkouri, ministre de l\u2019inclusion \u00e9conomique et de la petite entreprise, de l\u2019emploi et des comp\u00e9tences.<\/p>\n<p><img loading=\"lazy\" decoding=\"async\" class=\"aligncenter size-full wp-image-404233\" src=\"https:\/\/linitiative.ca\/International\/wp-content\/uploads\/sites\/23\/2022\/04\/Industry-Meeting-Days-Morocco.jpg\" alt=\"\" width=\"746\" height=\"380\" srcset=\"https:\/\/linitiative.ca\/International\/wp-content\/uploads\/sites\/23\/2022\/04\/Industry-Meeting-Days-Morocco.jpg 746w, https:\/\/aujourdhui.ma\/wp-content\/uploads\/2022\/04\/Industry-Meeting-Days-Morocco-300x153.jpg 300w, https:\/\/aujourdhui.ma\/wp-content\/uploads\/2022\/04\/Industry-Meeting-Days-Morocco-274x140.jpg 274w, https:\/\/aujourdhui.ma\/wp-content\/uploads\/2022\/04\/Industry-Meeting-Days-Morocco-165x84.jpg 165w, https:\/\/aujourdhui.ma\/wp-content\/uploads\/2022\/04\/Industry-Meeting-Days-Morocco-702x358.jpg 702w\" sizes=\"auto, (max-width: 746px) 100vw, 746px\"><\/p>\n<p>La dynamique de l\u2019industrie est, selon l\u2019intervenant, une exception dans une conjoncture particuli\u00e8re li\u00e9e \u00e0 la pand\u00e9mie de Covid-19. M. Sekkouri a soulign\u00e9 l\u2019importance du choix de la th\u00e9matique de la souverainet\u00e9 industrielle et sa contribution \u00e0 assurer la paix sociale, tout en mettant en avant la compl\u00e9mentarit\u00e9 public-priv\u00e9 g\u00e9n\u00e9ratrice d\u2019emplois et porteuse d\u2019entrepreneurs qui a permis l\u2019impl\u00e9mentation d\u2019une industrialisation intelligente.<br \/>\nIntervenant \u00e0 cette occasion, Omar Moro, pr\u00e9sident du Conseil de la r\u00e9gion de Tanger-T\u00e9touan-Al Hoceima (CRTTA), a fait part dans ce m\u00eame contexte que le Maroc a d\u00e9montr\u00e9 que les crises ne sont pas toujours synonyme de repli de soi et de pessimisme, mais bien au contraire elles sont des catalyseurs de changement et de stations pour de nouveaux d\u00e9parts d\u00e9lib\u00e9r\u00e9s et r\u00e9fl\u00e9chis. A titre d\u2019exemple, \u00abnotre r\u00e9gion est l\u2019un des piliers de l\u2019industrie et du Made in Morocco\u00bb, a-t-il dit, faisant remarquer que le CRTTA place \u00abl\u2019inclusion sociale, la valorisation des ressources humaines et des comp\u00e9tences, la promotion de la formation, l\u2019encouragement \u00e0 l\u2019investissement et le d\u00e9veloppement tous azimuts au centre de toutes nos d\u00e9cisions, de nos d\u00e9marches et r\u00e9flexions\u00bb.<\/p>\n<p><img loading=\"lazy\" decoding=\"async\" class=\"aligncenter size-full wp-image-404232\" src=\"https:\/\/linitiative.ca\/International\/wp-content\/uploads\/sites\/23\/2022\/04\/Industry-Meeting-Days-Morocco-1.jpg\" alt=\"\" width=\"746\" height=\"380\" srcset=\"https:\/\/linitiative.ca\/International\/wp-content\/uploads\/sites\/23\/2022\/04\/Industry-Meeting-Days-Morocco-1.jpg 746w, https:\/\/aujourdhui.ma\/wp-content\/uploads\/2022\/04\/Industry-Meeting-Days-Morocco-1-300x153.jpg 300w, https:\/\/aujourdhui.ma\/wp-content\/uploads\/2022\/04\/Industry-Meeting-Days-Morocco-1-274x140.jpg 274w, https:\/\/aujourdhui.ma\/wp-content\/uploads\/2022\/04\/Industry-Meeting-Days-Morocco-1-165x84.jpg 165w, https:\/\/aujourdhui.ma\/wp-content\/uploads\/2022\/04\/Industry-Meeting-Days-Morocco-1-702x358.jpg 702w\" sizes=\"auto, (max-width: 746px) 100vw, 746px\"><\/p>\n<p>Notons qu\u2019\u00e0 l\u2019instar des trois pr\u00e9c\u00e9dentes \u00e9ditions, ces quatri\u00e8mes days se sont distingu\u00e9s par la remise des awards aux treize gagnants parmi les soixante acteurs et entreprises candidats \u00e0 ce concours. Pr\u00e9sid\u00e9 par Naoual Zine, DG de Reminex, les membres du jury ont d\u00e9cern\u00e9 le prix de la personnalit\u00e9 de l\u2019ann\u00e9e \u00e0 Moulay Hafid Elalamy, ex-ministre de l\u2019industrie, du commerce, de l\u2019investissement et de l\u2019\u00e9conomie verte et num\u00e9rique, pour son r\u00f4le dans le d\u00e9veloppement du tissu industriel au Maroc.<\/p>\n<p><img loading=\"lazy\" decoding=\"async\" class=\"aligncenter size-full wp-image-404236\" src=\"https:\/\/linitiative.ca\/International\/wp-content\/uploads\/sites\/23\/2022\/04\/Younes-Sekkouri-Industry-Meeting-Days-Morocco.jpg\" alt=\"\" width=\"746\" height=\"380\" srcset=\"https:\/\/linitiative.ca\/International\/wp-content\/uploads\/sites\/23\/2022\/04\/Younes-Sekkouri-Industry-Meeting-Days-Morocco.jpg 746w, https:\/\/aujourdhui.ma\/wp-content\/uploads\/2022\/04\/Younes-Sekkouri-Industry-Meeting-Days-Morocco-300x153.jpg 300w, https:\/\/aujourdhui.ma\/wp-content\/uploads\/2022\/04\/Younes-Sekkouri-Industry-Meeting-Days-Morocco-274x140.jpg 274w, https:\/\/aujourdhui.ma\/wp-content\/uploads\/2022\/04\/Younes-Sekkouri-Industry-Meeting-Days-Morocco-165x84.jpg 165w, https:\/\/aujourdhui.ma\/wp-content\/uploads\/2022\/04\/Younes-Sekkouri-Industry-Meeting-Days-Morocco-702x358.jpg 702w\" sizes=\"auto, (max-width: 746px) 100vw, 746px\"><\/p>\n<\/div>\n<p>Auteur: Najat Fa\u00efssal<br \/>\n<a href=\"https:\/\/aujourdhui.ma\/economie\/souverainete-industrielle-le-cas-du-maroc-mis-en-avant-a-tanger\">Cliquez ici pour lire l&rsquo;article depuis sa source.<\/a><\/p>\n","protected":false},"excerpt":{"rendered":"<p>Acteurs \u00e9conomiques et industriels, universitaires, experts mais aussi des responsables nationaux et r\u00e9gionaux y ont pris part La souverainet\u00e9 industrielle, qu\u2019il ne faut pas confondre avec l\u2019autosuffisance, est plut\u00f4t un m\u00e9lange de s\u00e9curit\u00e9, notamment de cha\u00eenes de valeur, d\u2019influence industrielle pour avoir acc\u00e8s aux march\u00e9s, valoriser davantage les ressources et ne pas les mercantiliser. C\u2019est [&hellip;]<\/p>\n","protected":false},"author":1759,"featured_media":0,"comment_status":"closed","ping_status":"closed","sticky":false,"template":"","format":"standard","meta":{"fifu_image_url":"https:\/\/aujourdhui.ma\/wp-content\/uploads\/2022\/04\/Moulay-Hafid-Alalamy-Ryad-Mezzour-et-Younes-Sekkouri-Industry-Meeting-Days-Morocco-300x153.jpg","fifu_image_alt":"Souverainet\u00e9 industrielle : Le cas du Maroc mis en avant \u00e0 Tanger","footnotes":""},"categories":[73,54],"tags":[],"class_list":["post-144664","post","type-post","status-publish","format-standard","hentry","category-actualite","category-maroc"],"_links":{"self":[{"href":"https:\/\/linitiative.ca\/International\/wp-json\/wp\/v2\/posts\/144664","targetHints":{"allow":["GET"]}}],"collection":[{"href":"https:\/\/linitiative.ca\/International\/wp-json\/wp\/v2\/posts"}],"about":[{"href":"https:\/\/linitiative.ca\/International\/wp-json\/wp\/v2\/types\/post"}],"author":[{"embeddable":true,"href":"https:\/\/linitiative.ca\/International\/wp-json\/wp\/v2\/users\/1759"}],"replies":[{"embeddable":true,"href":"https:\/\/linitiative.ca\/International\/wp-json\/wp\/v2\/comments?post=144664"}],"version-history":[{"count":0,"href":"https:\/\/linitiative.ca\/International\/wp-json\/wp\/v2\/posts\/144664\/revisions"}],"wp:attachment":[{"href":"https:\/\/linitiative.ca\/International\/wp-json\/wp\/v2\/media?parent=144664"}],"wp:term":[{"taxonomy":"category","embeddable":true,"href":"https:\/\/linitiative.ca\/International\/wp-json\/wp\/v2\/categories?post=144664"},{"taxonomy":"post_tag","embeddable":true,"href":"https:\/\/linitiative.ca\/International\/wp-json\/wp\/v2\/tags?post=144664"}],"curies":[{"name":"wp","href":"https:\/\/api.w.org\/{rel}","templated":true}]}}