{"id":14467,"date":"2019-02-15T08:05:50","date_gmt":"2019-02-15T13:05:50","guid":{"rendered":"https:\/\/linitiative.ca\/International\/le-cameroun-demarre-son-projet-de-recrutement-de-2000-enseignants-duniversites\/"},"modified":"2019-02-15T08:05:50","modified_gmt":"2019-02-15T13:05:50","slug":"le-cameroun-demarre-son-projet-de-recrutement-de-2000-enseignants-duniversites","status":"publish","type":"post","link":"https:\/\/linitiative.ca\/International\/le-cameroun-demarre-son-projet-de-recrutement-de-2000-enseignants-duniversites\/","title":{"rendered":"Le Cameroun d\u00e9marre son projet de recrutement de 2000 enseignants d\u2019universit\u00e9s"},"content":{"rendered":"<div readability=\"32\">\n<p>Publi\u00e9 le 15.02.2019 \u00e0 14h07 par Journalducameroun.com<\/p>\n<\/div>\n<div readability=\"59.7411933861\">\n<h2>Une premi\u00e8re vague de mille postes vient d\u2019\u00eatre ouverte aux Camerounais titulaires d\u2019un Doctorat ou d\u2019un PHD.<\/h2>\n<p>Les 1000 personnes retenues au terme de cette premi\u00e8re op\u00e9ration de recrutement seront mises en service d\u00e8s la rentr\u00e9e acad\u00e9mique d\u2019octobre 2019. Elles seront recrut\u00e9es dans le cadre d\u2019un <a href=\"https:\/\/www.journalducameroun.com\/cameroun-vers-un-recrutement-de-2000-enseignants-a-lhorizon-2021\/\">projet<\/a> annonc\u00e9 par la pr\u00e9sidence de la R\u00e9publique en novembre dernier visant \u00e0 doter les formations universit\u00e9s d\u2019Etat de 2000 personnels didactiques \u00e0 l\u2019horizon 2021.<\/p>\n<p>Les postes sont ainsi r\u00e9partis : Universit\u00e9 de Bamenda (132), Universit\u00e9 de Bu\u00e9a (130), universit\u00e9 de Douala (127), universit\u00e9 de Dschang (109), universit\u00e9 de Maroua (102), universit\u00e9 de Ngaound\u00e9r\u00e9 (130), universit\u00e9 de Yaound\u00e9 I (130), universit\u00e9 de Yaound\u00e9 II\u00a0 (100), quota de r\u00e9gulation acad\u00e9mique (40).<\/p>\n<p><ins data-revive-zoneid=\"9\" data-revive-id=\"10111e19d28d19d031742ee3b0b33eb0\"\/> <\/p>\n<p>Les Camerounais de l\u2019\u00e9tranger peuvent aussi postuler. Chaque candidat devra d\u00e9poser son dossier dans l\u2019universit\u00e9 de son choix le 21 mai 2019 au plus tard. Celui-ci-devra contenir un engagement sur l\u2019honneur, un extrait du casier judiciaire datant de moins de trois mois, les photocopies certifi\u00e9es conformes des dipl\u00f4mes, un exemplaire de la th\u00e8se de Doctorat ou du PHD, entres autres.<\/p>\n<p>La liste des candidats s\u00e9lectionn\u00e9s sera publi\u00e9e le 31 juillet prochain. Suivra ensuite une deuxi\u00e8me phase de recrutement de 500 enseignants en 2020 et 500 autres en 2021.<\/p>\n<\/div>\n<p>Auteur: Louise NSANA<br \/>\n<a href=\"https:\/\/www.journalducameroun.com\/le-cameroun-demarre-son-projet-de-recrutement-de-2000-enseignants-duniversites\/\">Cliquez ici pour lire l&rsquo;article depuis sa source.<\/a><\/p>\n","protected":false},"excerpt":{"rendered":"<p>Publi\u00e9 le 15.02.2019 \u00e0 14h07 par Journalducameroun.com Une premi\u00e8re vague de mille postes vient d\u2019\u00eatre ouverte aux Camerounais titulaires d\u2019un Doctorat ou d\u2019un PHD. Les 1000 personnes retenues au terme de cette premi\u00e8re op\u00e9ration de recrutement seront mises en service d\u00e8s la rentr\u00e9e acad\u00e9mique d\u2019octobre 2019. Elles seront recrut\u00e9es dans le cadre d\u2019un projet annonc\u00e9 [&hellip;]<\/p>\n","protected":false},"author":1965,"featured_media":0,"comment_status":"closed","ping_status":"closed","sticky":false,"template":"","format":"standard","meta":{"fifu_image_url":"","fifu_image_alt":"","footnotes":""},"categories":[73,82],"tags":[],"class_list":["post-14467","post","type-post","status-publish","format-standard","hentry","category-actualite","category-cameroun"],"_links":{"self":[{"href":"https:\/\/linitiative.ca\/International\/wp-json\/wp\/v2\/posts\/14467","targetHints":{"allow":["GET"]}}],"collection":[{"href":"https:\/\/linitiative.ca\/International\/wp-json\/wp\/v2\/posts"}],"about":[{"href":"https:\/\/linitiative.ca\/International\/wp-json\/wp\/v2\/types\/post"}],"author":[{"embeddable":true,"href":"https:\/\/linitiative.ca\/International\/wp-json\/wp\/v2\/users\/1965"}],"replies":[{"embeddable":true,"href":"https:\/\/linitiative.ca\/International\/wp-json\/wp\/v2\/comments?post=14467"}],"version-history":[{"count":0,"href":"https:\/\/linitiative.ca\/International\/wp-json\/wp\/v2\/posts\/14467\/revisions"}],"wp:attachment":[{"href":"https:\/\/linitiative.ca\/International\/wp-json\/wp\/v2\/media?parent=14467"}],"wp:term":[{"taxonomy":"category","embeddable":true,"href":"https:\/\/linitiative.ca\/International\/wp-json\/wp\/v2\/categories?post=14467"},{"taxonomy":"post_tag","embeddable":true,"href":"https:\/\/linitiative.ca\/International\/wp-json\/wp\/v2\/tags?post=14467"}],"curies":[{"name":"wp","href":"https:\/\/api.w.org\/{rel}","templated":true}]}}