{"id":144674,"date":"2022-04-04T11:25:43","date_gmt":"2022-04-04T15:25:43","guid":{"rendered":"https:\/\/linitiative.ca\/International\/covid-19-maroc-la-situation-epidemiologique-au-4-avril-2022-a-16h00\/"},"modified":"2022-04-04T11:25:43","modified_gmt":"2022-04-04T15:25:43","slug":"covid-19-maroc-la-situation-epidemiologique-au-4-avril-2022-a-16h00","status":"publish","type":"post","link":"https:\/\/linitiative.ca\/International\/covid-19-maroc-la-situation-epidemiologique-au-4-avril-2022-a-16h00\/","title":{"rendered":"Covid-19 \/ Maroc : La situation \u00e9pid\u00e9miologique au 4 avril 2022 \u00e0 16H00"},"content":{"rendered":"<div>\n<p><img loading=\"lazy\" decoding=\"async\" width=\"300\" height=\"153\" src=\"https:\/\/linitiative.ca\/International\/wp-content\/uploads\/sites\/23\/2022\/04\/Covid-300x153-1.jpg\" class=\"attachment-medium size-medium wp-post-image\" alt=\"\" srcset=\"https:\/\/linitiative.ca\/International\/wp-content\/uploads\/sites\/23\/2022\/04\/Covid-300x153-1.jpg 300w, https:\/\/aujourdhui.ma\/wp-content\/uploads\/2022\/03\/Covid-274x140.jpg 274w, https:\/\/aujourdhui.ma\/wp-content\/uploads\/2022\/03\/Covid.jpg 746w, https:\/\/aujourdhui.ma\/wp-content\/uploads\/2022\/03\/Covid-165x84.jpg 165w, https:\/\/aujourdhui.ma\/wp-content\/uploads\/2022\/03\/Covid-702x358.jpg 702w\" sizes=\"auto, (max-width: 300px) 100vw, 300px\"><\/p>\n<p>35 nouveaux cas soit un cumul de 1.163.561 cas \u00e0 ce jour.<br \/>\n93 gu\u00e9risons soit un cumul de 1.146.787 \u00e0 ce jour.<br \/>\nZ\u00c9RO D\u00c9C\u00c8S donc un cumul de 16.060 \u00e0 ce jour.<\/p>\n<p><span style=\"color: #ff0000;\"><strong>Nombre de personnes vaccin\u00e9es au 4 avril 16H00<\/strong><\/span><\/p>\n<p>1\u00e8re dose : <strong><span id=\"page3R_mcid104\" class=\"markedContent\"><span dir=\"ltr\" role=\"presentation\">24<\/span><\/span><span id=\"page3R_mcid105\" class=\"markedContent\"><\/span><span id=\"page3R_mcid106\" class=\"markedContent\"> <span dir=\"ltr\" role=\"presentation\">790 471<\/span><\/span><\/strong><\/p>\n<p>2\u00e8me dose : <strong><span id=\"page3R_mcid98\" class=\"markedContent\"><span dir=\"ltr\" role=\"presentation\">23<\/span><\/span><span id=\"page3R_mcid99\" class=\"markedContent\"><\/span><span id=\"page3R_mcid100\" class=\"markedContent\"> <span dir=\"ltr\" role=\"presentation\">264 548<\/span><\/span><\/strong><\/p>\n<p>3\u00e8me dose : <strong>6 160 504<\/strong><\/p>\n<p><a href=\"https:\/\/linitiative.ca\/International\/wp-content\/uploads\/sites\/23\/2022\/04\/WhatsApp-Image-2022-04-04-at-3.16.25-PM.jpeg\"><img loading=\"lazy\" decoding=\"async\" class=\"aligncenter size-full wp-image-404261\" src=\"https:\/\/linitiative.ca\/International\/wp-content\/uploads\/sites\/23\/2022\/04\/WhatsApp-Image-2022-04-04-at-3.16.25-PM.jpeg\" alt=\"\" width=\"1170\" height=\"1590\" srcset=\"https:\/\/linitiative.ca\/International\/wp-content\/uploads\/sites\/23\/2022\/04\/WhatsApp-Image-2022-04-04-at-3.16.25-PM.jpeg 1170w, https:\/\/aujourdhui.ma\/wp-content\/uploads\/2022\/04\/WhatsApp-Image-2022-04-04-at-3.16.25-PM-221x300.jpeg 221w, https:\/\/aujourdhui.ma\/wp-content\/uploads\/2022\/04\/WhatsApp-Image-2022-04-04-at-3.16.25-PM-754x1024.jpeg 754w, https:\/\/aujourdhui.ma\/wp-content\/uploads\/2022\/04\/WhatsApp-Image-2022-04-04-at-3.16.25-PM-768x1044.jpeg 768w, https:\/\/aujourdhui.ma\/wp-content\/uploads\/2022\/04\/WhatsApp-Image-2022-04-04-at-3.16.25-PM-1130x1536.jpeg 1130w\" sizes=\"auto, (max-width: 1170px) 100vw, 1170px\"><\/a> <a href=\"https:\/\/linitiative.ca\/International\/wp-content\/uploads\/sites\/23\/2022\/04\/WhatsApp-Image-2022-04-04-at-3.16.25-PM1.jpeg\"><img loading=\"lazy\" decoding=\"async\" class=\"aligncenter size-full wp-image-404260\" src=\"https:\/\/linitiative.ca\/International\/wp-content\/uploads\/sites\/23\/2022\/04\/WhatsApp-Image-2022-04-04-at-3.16.25-PM1.jpeg\" alt=\"\" width=\"1170\" height=\"515\" srcset=\"https:\/\/linitiative.ca\/International\/wp-content\/uploads\/sites\/23\/2022\/04\/WhatsApp-Image-2022-04-04-at-3.16.25-PM1.jpeg 1170w, https:\/\/aujourdhui.ma\/wp-content\/uploads\/2022\/04\/WhatsApp-Image-2022-04-04-at-3.16.25-PM1-300x132.jpeg 300w, https:\/\/aujourdhui.ma\/wp-content\/uploads\/2022\/04\/WhatsApp-Image-2022-04-04-at-3.16.25-PM1-1024x451.jpeg 1024w, https:\/\/aujourdhui.ma\/wp-content\/uploads\/2022\/04\/WhatsApp-Image-2022-04-04-at-3.16.25-PM1-768x338.jpeg 768w\" sizes=\"auto, (max-width: 1170px) 100vw, 1170px\"><\/a> <a href=\"https:\/\/linitiative.ca\/International\/wp-content\/uploads\/sites\/23\/2022\/04\/WhatsApp-Image-2022-04-04-at-3.17.56-PM.jpeg\"><img loading=\"lazy\" decoding=\"async\" class=\"aligncenter size-full wp-image-404259\" src=\"https:\/\/linitiative.ca\/International\/wp-content\/uploads\/sites\/23\/2022\/04\/WhatsApp-Image-2022-04-04-at-3.17.56-PM.jpeg\" alt=\"\" width=\"1170\" height=\"1416\" srcset=\"https:\/\/linitiative.ca\/International\/wp-content\/uploads\/sites\/23\/2022\/04\/WhatsApp-Image-2022-04-04-at-3.17.56-PM.jpeg 1170w, https:\/\/aujourdhui.ma\/wp-content\/uploads\/2022\/04\/WhatsApp-Image-2022-04-04-at-3.17.56-PM-248x300.jpeg 248w, https:\/\/aujourdhui.ma\/wp-content\/uploads\/2022\/04\/WhatsApp-Image-2022-04-04-at-3.17.56-PM-846x1024.jpeg 846w, https:\/\/aujourdhui.ma\/wp-content\/uploads\/2022\/04\/WhatsApp-Image-2022-04-04-at-3.17.56-PM-768x929.jpeg 768w\" sizes=\"auto, (max-width: 1170px) 100vw, 1170px\"><\/a><\/p>\n<\/div>\n<p>Auteur: ALM<br \/>\n<a href=\"https:\/\/aujourdhui.ma\/actualite\/covid-19-maroc-la-situation-epidemiologique-au-4-avril-2022-a-16h00\">Cliquez ici pour lire l&rsquo;article depuis sa source.<\/a><\/p>\n","protected":false},"excerpt":{"rendered":"<p>35 nouveaux cas soit un cumul de 1.163.561 cas \u00e0 ce jour. 93 gu\u00e9risons soit un cumul de 1.146.787 \u00e0 ce jour. Z\u00c9RO D\u00c9C\u00c8S donc un cumul de 16.060 \u00e0 ce jour. Nombre de personnes vaccin\u00e9es au 4 avril 16H00 1\u00e8re dose : 24 790 471 2\u00e8me dose : 23 264 548 3\u00e8me dose : [&hellip;]<\/p>\n","protected":false},"author":1759,"featured_media":0,"comment_status":"closed","ping_status":"closed","sticky":false,"template":"","format":"standard","meta":{"fifu_image_url":"https:\/\/aujourdhui.ma\/wp-content\/uploads\/2022\/03\/Covid-300x153.jpg","fifu_image_alt":"Covid-19 \/ Maroc : La situation \u00e9pid\u00e9miologique au 4 avril 2022 \u00e0 16H00","footnotes":""},"categories":[73,54],"tags":[],"class_list":["post-144674","post","type-post","status-publish","format-standard","hentry","category-actualite","category-maroc"],"_links":{"self":[{"href":"https:\/\/linitiative.ca\/International\/wp-json\/wp\/v2\/posts\/144674","targetHints":{"allow":["GET"]}}],"collection":[{"href":"https:\/\/linitiative.ca\/International\/wp-json\/wp\/v2\/posts"}],"about":[{"href":"https:\/\/linitiative.ca\/International\/wp-json\/wp\/v2\/types\/post"}],"author":[{"embeddable":true,"href":"https:\/\/linitiative.ca\/International\/wp-json\/wp\/v2\/users\/1759"}],"replies":[{"embeddable":true,"href":"https:\/\/linitiative.ca\/International\/wp-json\/wp\/v2\/comments?post=144674"}],"version-history":[{"count":0,"href":"https:\/\/linitiative.ca\/International\/wp-json\/wp\/v2\/posts\/144674\/revisions"}],"wp:attachment":[{"href":"https:\/\/linitiative.ca\/International\/wp-json\/wp\/v2\/media?parent=144674"}],"wp:term":[{"taxonomy":"category","embeddable":true,"href":"https:\/\/linitiative.ca\/International\/wp-json\/wp\/v2\/categories?post=144674"},{"taxonomy":"post_tag","embeddable":true,"href":"https:\/\/linitiative.ca\/International\/wp-json\/wp\/v2\/tags?post=144674"}],"curies":[{"name":"wp","href":"https:\/\/api.w.org\/{rel}","templated":true}]}}