{"id":144679,"date":"2022-04-04T11:32:16","date_gmt":"2022-04-04T15:32:16","guid":{"rendered":"https:\/\/linitiative.ca\/International\/le-developpement-de-laquaculture-au-menu-du-conseil-de-gouvernement-de-ce-jeudi\/"},"modified":"2022-04-04T11:32:16","modified_gmt":"2022-04-04T15:32:16","slug":"le-developpement-de-laquaculture-au-menu-du-conseil-de-gouvernement-de-ce-jeudi","status":"publish","type":"post","link":"https:\/\/linitiative.ca\/International\/le-developpement-de-laquaculture-au-menu-du-conseil-de-gouvernement-de-ce-jeudi\/","title":{"rendered":"Le d\u00e9veloppement de l\u2019aquaculture au menu du Conseil de gouvernement de ce jeudi"},"content":{"rendered":"<div>\n<p><img loading=\"lazy\" decoding=\"async\" width=\"300\" height=\"153\" src=\"https:\/\/linitiative.ca\/International\/wp-content\/uploads\/sites\/23\/2022\/04\/Akhannouch-conseil-de-gouvernement-300x153-1.jpg\" class=\"attachment-medium size-medium wp-post-image\" alt=\"\" srcset=\"https:\/\/linitiative.ca\/International\/wp-content\/uploads\/sites\/23\/2022\/04\/Akhannouch-conseil-de-gouvernement-300x153-1.jpg 300w, https:\/\/aujourdhui.ma\/wp-content\/uploads\/2021\/12\/Akhannouch-conseil-de-gouvernement-274x140.jpg 274w, https:\/\/aujourdhui.ma\/wp-content\/uploads\/2021\/12\/Akhannouch-conseil-de-gouvernement.jpg 746w, https:\/\/aujourdhui.ma\/wp-content\/uploads\/2021\/12\/Akhannouch-conseil-de-gouvernement-165x84.jpg 165w, https:\/\/aujourdhui.ma\/wp-content\/uploads\/2021\/12\/Akhannouch-conseil-de-gouvernement-702x358.jpg 702w\" sizes=\"auto, (max-width: 300px) 100vw, 300px\"><\/p>\n<p><strong>Un Conseil de gouvernement se tiendra jeudi sous la pr\u00e9sidence du Chef du gouvernement, M. Aziz Akhannouch.<\/strong><span id=\"more-404263\"><\/span><\/p>\n<p>Le Conseil entamera ses travaux par l\u2019examen d\u2019un projet de loi portant sur l\u2019aquaculture marine, et un autre modifiant et compl\u00e9tant la loi portant cr\u00e9ation de l\u2019Agence nationale pour le d\u00e9veloppement de l\u2019aquaculture, indique lundi un communiqu\u00e9 du d\u00e9partement du Chef du gouvernement.<\/p>\n<p>Le conseil examinera aussi deux projets de d\u00e9cret. Le premier porte sur la d\u00e9finition des r\u00e9gimes alimentaires des personnes et des mineurs en garde \u00e0 vue ainsi que l\u2019organisation du service des repas, alors que le deuxi\u00e8me compl\u00e8te le d\u00e9cret d\u00e9finissant les services fournis par le minist\u00e8re des affaires culturelles moyennant r\u00e9mun\u00e9ration.<\/p>\n<p>Le Conseil ach\u00e8vera ses travaux par l\u2019examen de l\u2019accord sur l\u2019emploi et le s\u00e9jour des travailleurs marocains au Portugal, sign\u00e9 le 12 janvier 2022 \u00e0 Rabat, et des propositions de nomination \u00e0 de hautes fonctions conform\u00e9ment \u00e0 l\u2019article 92 de la Constitution.<\/p>\n<\/div>\n<p>Auteur: ALM<br \/>\n<a href=\"https:\/\/aujourdhui.ma\/actualite\/le-developpement-de-laquaculture-au-menu-du-conseil-de-gouvernement-de-ce-jeudi\">Cliquez ici pour lire l&rsquo;article depuis sa source.<\/a><\/p>\n","protected":false},"excerpt":{"rendered":"<p>Un Conseil de gouvernement se tiendra jeudi sous la pr\u00e9sidence du Chef du gouvernement, M. Aziz Akhannouch. Le Conseil entamera ses travaux par l\u2019examen d\u2019un projet de loi portant sur l\u2019aquaculture marine, et un autre modifiant et compl\u00e9tant la loi portant cr\u00e9ation de l\u2019Agence nationale pour le d\u00e9veloppement de l\u2019aquaculture, indique lundi un communiqu\u00e9 du [&hellip;]<\/p>\n","protected":false},"author":1759,"featured_media":0,"comment_status":"closed","ping_status":"closed","sticky":false,"template":"","format":"standard","meta":{"fifu_image_url":"https:\/\/aujourdhui.ma\/wp-content\/uploads\/2021\/12\/Akhannouch-conseil-de-gouvernement-300x153.jpg","fifu_image_alt":"Le d\u00e9veloppement de l\u2019aquaculture au menu du Conseil de gouvernement de ce jeudi","footnotes":""},"categories":[73,54],"tags":[],"class_list":["post-144679","post","type-post","status-publish","format-standard","hentry","category-actualite","category-maroc"],"_links":{"self":[{"href":"https:\/\/linitiative.ca\/International\/wp-json\/wp\/v2\/posts\/144679","targetHints":{"allow":["GET"]}}],"collection":[{"href":"https:\/\/linitiative.ca\/International\/wp-json\/wp\/v2\/posts"}],"about":[{"href":"https:\/\/linitiative.ca\/International\/wp-json\/wp\/v2\/types\/post"}],"author":[{"embeddable":true,"href":"https:\/\/linitiative.ca\/International\/wp-json\/wp\/v2\/users\/1759"}],"replies":[{"embeddable":true,"href":"https:\/\/linitiative.ca\/International\/wp-json\/wp\/v2\/comments?post=144679"}],"version-history":[{"count":0,"href":"https:\/\/linitiative.ca\/International\/wp-json\/wp\/v2\/posts\/144679\/revisions"}],"wp:attachment":[{"href":"https:\/\/linitiative.ca\/International\/wp-json\/wp\/v2\/media?parent=144679"}],"wp:term":[{"taxonomy":"category","embeddable":true,"href":"https:\/\/linitiative.ca\/International\/wp-json\/wp\/v2\/categories?post=144679"},{"taxonomy":"post_tag","embeddable":true,"href":"https:\/\/linitiative.ca\/International\/wp-json\/wp\/v2\/tags?post=144679"}],"curies":[{"name":"wp","href":"https:\/\/api.w.org\/{rel}","templated":true}]}}