{"id":144681,"date":"2022-04-04T08:06:25","date_gmt":"2022-04-04T12:06:25","guid":{"rendered":"https:\/\/linitiative.ca\/International\/grand-prix-hassan-ii-de-tennis-une-exhibition-show-a-la-place-jemaa-fna\/"},"modified":"2022-04-04T08:06:25","modified_gmt":"2022-04-04T12:06:25","slug":"grand-prix-hassan-ii-de-tennis-une-exhibition-show-a-la-place-jemaa-fna","status":"publish","type":"post","link":"https:\/\/linitiative.ca\/International\/grand-prix-hassan-ii-de-tennis-une-exhibition-show-a-la-place-jemaa-fna\/","title":{"rendered":"Grand Prix Hassan II de Tennis: Une exhibition show \u00e0 la place Jema\u00e2 Fna"},"content":{"rendered":"<div>\n<div style=\"margin-bottom:20px;\"><img loading=\"lazy\" decoding=\"async\" width=\"750\" height=\"430\" src=\"https:\/\/linitiative.ca\/International\/wp-content\/uploads\/sites\/23\/2022\/04\/tennis-copier.jpg\" class=\"attachment-post-thumbnail size-post-thumbnail wp-post-image\" alt=\"\" srcset=\"https:\/\/linitiative.ca\/International\/wp-content\/uploads\/sites\/23\/2022\/04\/tennis-copier.jpg 750w, https:\/\/www.mapmarrakech.ma\/map\/uploads\/2022\/04\/tennis-copier-300x172.jpg 300w\" sizes=\"auto, (max-width: 750px) 100vw, 750px\"><\/div>\n<p>Rehauss\u00e9 par la participation du Canadien F\u00e9lix Auger-Aliassime, t\u00eate de s\u00e9rie n\u00b01 du tournoi (class\u00e9 9\u00e8 mondial), le Belge David Goffin (74\u00e8 mondial) ou encore le tennisman tunisien Malek Jaziri, cet \u00e9v\u00e9nement socio-sportif s\u2019assigne pour objectif la vulgarisation de ce sport aupr\u00e8s du public et des jeunes g\u00e9n\u00e9rations.<\/p>\n<p>Ces stars mondiales de la discipline en ont profit\u00e9 pour r\u00e9galer et offrir des moments amusants au public de la place Jema\u00e2 Fna.<\/p>\n<p>Cette exhibition show a \u00e9t\u00e9 aussi l\u2019occasion pour nombre de jeunes d\u2019approcher et d\u2019\u00e9changer quelques balles avec leurs stars pr\u00e9f\u00e9r\u00e9es de la discipline.<\/p>\n<p>Selon le pr\u00e9sident du Royal tennis club de Marrakech (RTCMA), M. Aziz Tifnouti, cette initiative cadre avec la strat\u00e9gie de la F\u00e9d\u00e9ration royale marocaine de tennis (FRMT) visant \u00e0 amener le tennis jusqu\u2019aux jeunes dans les quartiers populaires.<\/p>\n<p>Le choix de la place Jema\u00e2 Fna par les organisateurs du tournoi pour ce match d\u2019exhibition n\u2019est pas fortuit, selon M. Tifnouti.<\/p>\n<p>Ce haut lieu d\u2019attraction, qui est une adresse incontournable pour tous les Marocains et les visiteurs de la cite ocre, repr\u00e9sente l\u2019espace id\u00e9al pour faire la promotion du Grand Prix Hassan II et appeler le public \u00e0 venir nombreux assister aux matchs de ce tournoi, a-t-il ajout\u00e9 dans une d\u00e9claration \u00e0 la presse.<\/p>\n<p>Dans ce contexte, M. Tifnouti, \u00e9galement secr\u00e9taire g\u00e9n\u00e9ral de la FRMT, a indiqu\u00e9 que cette comp\u00e9tition sportive disput\u00e9e dans les Courts du RTCMA, connait la participation de stars de la discipline, dont F\u00e9lix Auger-Aliassime (class\u00e9 9\u00e8 mondial), le Britannique Daniel Evans (26\u00e8 classement mondial) et Beno\u00eet Paire (class\u00e9 49\u00e8 mondial) vainqueur de la derni\u00e8re \u00e9dition en 2019.<\/p>\n<p>Le Grand prix Hassan II offrira comme \u00e0 son accoutum\u00e9e, un plateau de qualit\u00e9 qui va r\u00e9galer le public, a-t-il assur\u00e9.<\/p>\n<p>Plac\u00e9e sous le Haut Patronage de Sa Majest\u00e9 le Roi Mohammed VI, la 36\u00e8 \u00e9dition du Grand Prix Hassan II de tennis est rehauss\u00e9e par la participation du triple vainqueur de ce grand prix, l\u2019Espagnol Pablo And\u00fajar, alors que le Maroc sera repr\u00e9sent\u00e9 par Elliot Benchetrit (436\u00e8 mondial) qui a re\u00e7u une wild-card (invitation) pour le tableau de qualifications.<\/p>\n<p>Cette 36\u00e8 \u00e9dition est la 5\u00e8 d\u2019affil\u00e9e organis\u00e9e par le RTCMA \u00e0 la cit\u00e9 ocre.<\/p>\n<p>The post <a rel=\"nofollow\" href=\"https:\/\/www.mapmarrakech.ma\/fr\/grand-prix-hassan-ii-de-tennis-une-exhibition-show-a-la-place-jemaa-fna\/\">Grand Prix Hassan II de Tennis: Une exhibition show \u00e0 la place Jema\u00e2 Fna<\/a> appeared first on <a rel=\"nofollow\" href=\"https:\/\/www.mapmarrakech.ma\/fr\">MapMarrakech<\/a>.<\/p>\n<\/div>\n<p>Auteur: Meriem IGASS<br \/>\n<a href=\"https:\/\/www.mapmarrakech.ma\/fr\/grand-prix-hassan-ii-de-tennis-une-exhibition-show-a-la-place-jemaa-fna\/\">Cliquez ici pour lire l&rsquo;article depuis sa source.<\/a><\/p>\n","protected":false},"excerpt":{"rendered":"<p>Rehauss\u00e9 par la participation du Canadien F\u00e9lix Auger-Aliassime, t\u00eate de s\u00e9rie n\u00b01 du tournoi (class\u00e9 9\u00e8 mondial), le Belge David Goffin (74\u00e8 mondial) ou encore le tennisman tunisien Malek Jaziri, cet \u00e9v\u00e9nement socio-sportif s\u2019assigne pour objectif la vulgarisation de ce sport aupr\u00e8s du public et des jeunes g\u00e9n\u00e9rations. Ces stars mondiales de la discipline en [&hellip;]<\/p>\n","protected":false},"author":1788,"featured_media":0,"comment_status":"closed","ping_status":"closed","sticky":false,"template":"","format":"standard","meta":{"fifu_image_url":"https:\/\/www.mapmarrakech.ma\/map\/uploads\/2022\/04\/tennis-copier.jpg","fifu_image_alt":"Grand Prix Hassan II de Tennis: Une exhibition show \u00e0 la place Jema\u00e2 Fna","footnotes":""},"categories":[54,76],"tags":[],"class_list":["post-144681","post","type-post","status-publish","format-standard","hentry","category-maroc","category-regions"],"_links":{"self":[{"href":"https:\/\/linitiative.ca\/International\/wp-json\/wp\/v2\/posts\/144681","targetHints":{"allow":["GET"]}}],"collection":[{"href":"https:\/\/linitiative.ca\/International\/wp-json\/wp\/v2\/posts"}],"about":[{"href":"https:\/\/linitiative.ca\/International\/wp-json\/wp\/v2\/types\/post"}],"author":[{"embeddable":true,"href":"https:\/\/linitiative.ca\/International\/wp-json\/wp\/v2\/users\/1788"}],"replies":[{"embeddable":true,"href":"https:\/\/linitiative.ca\/International\/wp-json\/wp\/v2\/comments?post=144681"}],"version-history":[{"count":0,"href":"https:\/\/linitiative.ca\/International\/wp-json\/wp\/v2\/posts\/144681\/revisions"}],"wp:attachment":[{"href":"https:\/\/linitiative.ca\/International\/wp-json\/wp\/v2\/media?parent=144681"}],"wp:term":[{"taxonomy":"category","embeddable":true,"href":"https:\/\/linitiative.ca\/International\/wp-json\/wp\/v2\/categories?post=144681"},{"taxonomy":"post_tag","embeddable":true,"href":"https:\/\/linitiative.ca\/International\/wp-json\/wp\/v2\/tags?post=144681"}],"curies":[{"name":"wp","href":"https:\/\/api.w.org\/{rel}","templated":true}]}}