{"id":144685,"date":"2022-04-04T09:36:01","date_gmt":"2022-04-04T13:36:01","guid":{"rendered":"https:\/\/linitiative.ca\/International\/previsions-meteorologiques-pour-le-mardi-05-avril-2022\/"},"modified":"2022-04-04T09:36:01","modified_gmt":"2022-04-04T13:36:01","slug":"previsions-meteorologiques-pour-le-mardi-05-avril-2022","status":"publish","type":"post","link":"https:\/\/linitiative.ca\/International\/previsions-meteorologiques-pour-le-mardi-05-avril-2022\/","title":{"rendered":"Pr\u00e9visions m\u00e9t\u00e9orologiques pour le mardi 05 avril 2022"},"content":{"rendered":"<div>\n<div style=\"margin-bottom:20px;\"><img loading=\"lazy\" decoding=\"async\" width=\"750\" height=\"430\" src=\"https:\/\/linitiative.ca\/International\/wp-content\/uploads\/sites\/23\/2022\/04\/Averses-pluies-orages.jpg\" class=\"attachment-post-thumbnail size-post-thumbnail wp-post-image\" alt=\"\" srcset=\"https:\/\/linitiative.ca\/International\/wp-content\/uploads\/sites\/23\/2022\/04\/Averses-pluies-orages.jpg 750w, https:\/\/www.mapmarrakech.ma\/map\/uploads\/2022\/04\/Averses-pluies-orages-300x172.jpg 300w\" sizes=\"auto, (max-width: 750px) 100vw, 750px\"><\/div>\n<p>\u2013 Temps toujours pluvieux sur la M\u00e9diterran\u00e9e, le Rif, l\u2019Atlas, les plaines nord et centre et l\u2019Oriental.<\/p>\n<p>\u2013 Chutes de neige sur les Haut et Moyen Atlas.<\/p>\n<p>\u2013 Rafales de vent assez fortes sur les plaines nord et centre, l\u2019Atlas et la M\u00e9diterran\u00e9e.<\/p>\n<p>\u2013 Temps assez froid sur l\u2019Atlas, le Rif, le Sud-Est et l\u2019Oriental.<\/p>\n<p>\u2013 Temp\u00e9ratures minimales de l\u2019ordre de 01\/06\u00b0C sur l\u2019Atlas, le Rif, les plateaux de Phosphates et d\u2019Oulm\u00e8s et la vall\u00e9e de Moulouya, de 06\/11\u00b0C sur l\u2019Oriental, la M\u00e9diterran\u00e9e, les plaines \u00e0 l\u2019ouest de l\u2019Atlas et les versants sud-est et de 11\/16\u00b0C ailleurs.<\/p>\n<p>\u2013 Temp\u00e9ratures maximales en l\u00e9g\u00e8re baisse.<\/p>\n<p>\u2013 Mer agit\u00e9e \u00e0 forte en M\u00e9diterran\u00e9e et sur le D\u00e9troit, ainsi que sur le littoral atlantique.<\/p>\n<p>The post <a rel=\"nofollow\" href=\"https:\/\/www.mapmarrakech.ma\/fr\/previsions-meteorologiques-pour-le-mardi-05-avril-2022\/\">Pr\u00e9visions m\u00e9t\u00e9orologiques pour le mardi 05 avril 2022<\/a> appeared first on <a rel=\"nofollow\" href=\"https:\/\/www.mapmarrakech.ma\/fr\">MapMarrakech<\/a>.<\/p>\n<\/div>\n<p>Auteur: Meriem IGASS<br \/>\n<a href=\"https:\/\/www.mapmarrakech.ma\/fr\/previsions-meteorologiques-pour-le-mardi-05-avril-2022\/\">Cliquez ici pour lire l&rsquo;article depuis sa source.<\/a><\/p>\n","protected":false},"excerpt":{"rendered":"<p>\u2013 Temps toujours pluvieux sur la M\u00e9diterran\u00e9e, le Rif, l\u2019Atlas, les plaines nord et centre et l\u2019Oriental. \u2013 Chutes de neige sur les Haut et Moyen Atlas. \u2013 Rafales de vent assez fortes sur les plaines nord et centre, l\u2019Atlas et la M\u00e9diterran\u00e9e. \u2013 Temps assez froid sur l\u2019Atlas, le Rif, le Sud-Est et l\u2019Oriental. [&hellip;]<\/p>\n","protected":false},"author":1788,"featured_media":0,"comment_status":"closed","ping_status":"closed","sticky":false,"template":"","format":"standard","meta":{"fifu_image_url":"https:\/\/www.mapmarrakech.ma\/map\/uploads\/2022\/04\/Averses-pluies-orages.jpg","fifu_image_alt":"Pr\u00e9visions m\u00e9t\u00e9orologiques pour le mardi 05 avril 2022","footnotes":""},"categories":[54,76],"tags":[],"class_list":["post-144685","post","type-post","status-publish","format-standard","hentry","category-maroc","category-regions"],"_links":{"self":[{"href":"https:\/\/linitiative.ca\/International\/wp-json\/wp\/v2\/posts\/144685","targetHints":{"allow":["GET"]}}],"collection":[{"href":"https:\/\/linitiative.ca\/International\/wp-json\/wp\/v2\/posts"}],"about":[{"href":"https:\/\/linitiative.ca\/International\/wp-json\/wp\/v2\/types\/post"}],"author":[{"embeddable":true,"href":"https:\/\/linitiative.ca\/International\/wp-json\/wp\/v2\/users\/1788"}],"replies":[{"embeddable":true,"href":"https:\/\/linitiative.ca\/International\/wp-json\/wp\/v2\/comments?post=144685"}],"version-history":[{"count":0,"href":"https:\/\/linitiative.ca\/International\/wp-json\/wp\/v2\/posts\/144685\/revisions"}],"wp:attachment":[{"href":"https:\/\/linitiative.ca\/International\/wp-json\/wp\/v2\/media?parent=144685"}],"wp:term":[{"taxonomy":"category","embeddable":true,"href":"https:\/\/linitiative.ca\/International\/wp-json\/wp\/v2\/categories?post=144685"},{"taxonomy":"post_tag","embeddable":true,"href":"https:\/\/linitiative.ca\/International\/wp-json\/wp\/v2\/tags?post=144685"}],"curies":[{"name":"wp","href":"https:\/\/api.w.org\/{rel}","templated":true}]}}