{"id":144690,"date":"2022-04-04T02:11:00","date_gmt":"2022-04-04T06:11:00","guid":{"rendered":"https:\/\/linitiative.ca\/International\/bendebka-na-pas-digere-larbitrage-du-match-algerie-cameroun-video\/"},"modified":"2022-04-04T02:11:00","modified_gmt":"2022-04-04T06:11:00","slug":"bendebka-na-pas-digere-larbitrage-du-match-algerie-cameroun-video","status":"publish","type":"post","link":"https:\/\/linitiative.ca\/International\/bendebka-na-pas-digere-larbitrage-du-match-algerie-cameroun-video\/","title":{"rendered":"Bendebka n&rsquo;a pas dig\u00e9r\u00e9 l&rsquo;arbitrage du match Alg\u00e9rie-Cameroun (Vid\u00e9o)"},"content":{"rendered":"<div>Bendebka a marqu\u00e9 ce week-end et n&rsquo;a pas manqu\u00e9 d&rsquo;envoyer un message lors de sa c\u00e9l\u00e9bration&#8230;<\/div>\n<p>Auteur:<br \/>\n<a href=\"https:\/\/www.lebuteur.com\/article\/detail?titre=bendebka-na-pas-digere-larbitrage-du-match-algerie-cameroun-video&#038;id=102637\">Cliquez ici pour lire l&rsquo;article depuis sa source.<\/a><\/p>\n","protected":false},"excerpt":{"rendered":"<p>Bendebka a marqu\u00e9 ce week-end et n&rsquo;a pas manqu\u00e9 d&rsquo;envoyer un message lors de sa c\u00e9l\u00e9bration&#8230; Auteur: Cliquez ici pour lire l&rsquo;article depuis sa source.<\/p>\n","protected":false},"author":1738,"featured_media":0,"comment_status":"closed","ping_status":"closed","sticky":false,"template":"","format":"standard","meta":{"fifu_image_url":"","fifu_image_alt":"","footnotes":""},"categories":[53,75],"tags":[],"class_list":["post-144690","post","type-post","status-publish","format-standard","hentry","category-algerie","category-sport"],"_links":{"self":[{"href":"https:\/\/linitiative.ca\/International\/wp-json\/wp\/v2\/posts\/144690","targetHints":{"allow":["GET"]}}],"collection":[{"href":"https:\/\/linitiative.ca\/International\/wp-json\/wp\/v2\/posts"}],"about":[{"href":"https:\/\/linitiative.ca\/International\/wp-json\/wp\/v2\/types\/post"}],"author":[{"embeddable":true,"href":"https:\/\/linitiative.ca\/International\/wp-json\/wp\/v2\/users\/1738"}],"replies":[{"embeddable":true,"href":"https:\/\/linitiative.ca\/International\/wp-json\/wp\/v2\/comments?post=144690"}],"version-history":[{"count":0,"href":"https:\/\/linitiative.ca\/International\/wp-json\/wp\/v2\/posts\/144690\/revisions"}],"wp:attachment":[{"href":"https:\/\/linitiative.ca\/International\/wp-json\/wp\/v2\/media?parent=144690"}],"wp:term":[{"taxonomy":"category","embeddable":true,"href":"https:\/\/linitiative.ca\/International\/wp-json\/wp\/v2\/categories?post=144690"},{"taxonomy":"post_tag","embeddable":true,"href":"https:\/\/linitiative.ca\/International\/wp-json\/wp\/v2\/tags?post=144690"}],"curies":[{"name":"wp","href":"https:\/\/api.w.org\/{rel}","templated":true}]}}