{"id":144691,"date":"2022-04-04T04:53:00","date_gmt":"2022-04-04T08:53:00","guid":{"rendered":"https:\/\/linitiative.ca\/International\/man-city-guardiola-riyad-etait-triste-apres-lelimination\/"},"modified":"2022-04-04T04:53:00","modified_gmt":"2022-04-04T08:53:00","slug":"man-city-guardiola-riyad-etait-triste-apres-lelimination","status":"publish","type":"post","link":"https:\/\/linitiative.ca\/International\/man-city-guardiola-riyad-etait-triste-apres-lelimination\/","title":{"rendered":"Man City &#8211; Guardiola : \u00ab\u00a0Riyad \u00e9tait triste apr\u00e8s l&rsquo;\u00e9limination\u00a0\u00bb"},"content":{"rendered":"<div>Apr\u00e8s la victoire de Manchester City face \u00e0 Burnley, Pep Guardiola a donn\u00e9 des nouvelles de Riyad Mahrez<\/div>\n<p>Auteur:<br \/>\n<a href=\"https:\/\/www.lebuteur.com\/article\/detail?titre=man-city-guardiola-riyad-etait-triste-apres-lelimination&#038;id=102638\">Cliquez ici pour lire l&rsquo;article depuis sa source.<\/a><\/p>\n","protected":false},"excerpt":{"rendered":"<p>Apr\u00e8s la victoire de Manchester City face \u00e0 Burnley, Pep Guardiola a donn\u00e9 des nouvelles de Riyad Mahrez Auteur: Cliquez ici pour lire l&rsquo;article depuis sa source.<\/p>\n","protected":false},"author":1738,"featured_media":0,"comment_status":"closed","ping_status":"closed","sticky":false,"template":"","format":"standard","meta":{"fifu_image_url":"","fifu_image_alt":"","footnotes":""},"categories":[53,75],"tags":[],"class_list":["post-144691","post","type-post","status-publish","format-standard","hentry","category-algerie","category-sport"],"_links":{"self":[{"href":"https:\/\/linitiative.ca\/International\/wp-json\/wp\/v2\/posts\/144691","targetHints":{"allow":["GET"]}}],"collection":[{"href":"https:\/\/linitiative.ca\/International\/wp-json\/wp\/v2\/posts"}],"about":[{"href":"https:\/\/linitiative.ca\/International\/wp-json\/wp\/v2\/types\/post"}],"author":[{"embeddable":true,"href":"https:\/\/linitiative.ca\/International\/wp-json\/wp\/v2\/users\/1738"}],"replies":[{"embeddable":true,"href":"https:\/\/linitiative.ca\/International\/wp-json\/wp\/v2\/comments?post=144691"}],"version-history":[{"count":0,"href":"https:\/\/linitiative.ca\/International\/wp-json\/wp\/v2\/posts\/144691\/revisions"}],"wp:attachment":[{"href":"https:\/\/linitiative.ca\/International\/wp-json\/wp\/v2\/media?parent=144691"}],"wp:term":[{"taxonomy":"category","embeddable":true,"href":"https:\/\/linitiative.ca\/International\/wp-json\/wp\/v2\/categories?post=144691"},{"taxonomy":"post_tag","embeddable":true,"href":"https:\/\/linitiative.ca\/International\/wp-json\/wp\/v2\/tags?post=144691"}],"curies":[{"name":"wp","href":"https:\/\/api.w.org\/{rel}","templated":true}]}}