{"id":144692,"date":"2022-04-04T12:42:00","date_gmt":"2022-04-04T16:42:00","guid":{"rendered":"https:\/\/linitiative.ca\/International\/man-city-guardiola-corrige-une-idee-recue-sur-simeone-et-latletico\/"},"modified":"2022-04-04T12:42:00","modified_gmt":"2022-04-04T16:42:00","slug":"man-city-guardiola-corrige-une-idee-recue-sur-simeone-et-latletico","status":"publish","type":"post","link":"https:\/\/linitiative.ca\/International\/man-city-guardiola-corrige-une-idee-recue-sur-simeone-et-latletico\/","title":{"rendered":"Man City : Guardiola corrige une id\u00e9e re\u00e7ue sur Simeone et l&rsquo;Atl\u00e9tico"},"content":{"rendered":"<div>Aujourd&rsquo;hui, en d\u00e9but d&rsquo;apr\u00e8s-midi, a eu lieu la traditionnelle conf\u00e9rence de presse d&rsquo;avant-match pour Pep Guardiola&#8230;<\/div>\n<p>Auteur:<br \/>\n<a href=\"https:\/\/www.lebuteur.com\/article\/detail?titre=man-city-guardiola-corrige-une-idee-recue-sur-simeone-et-latletico&#038;id=102639\">Cliquez ici pour lire l&rsquo;article depuis sa source.<\/a><\/p>\n","protected":false},"excerpt":{"rendered":"<p>Aujourd&rsquo;hui, en d\u00e9but d&rsquo;apr\u00e8s-midi, a eu lieu la traditionnelle conf\u00e9rence de presse d&rsquo;avant-match pour Pep Guardiola&#8230; Auteur: Cliquez ici pour lire l&rsquo;article depuis sa source.<\/p>\n","protected":false},"author":1738,"featured_media":0,"comment_status":"closed","ping_status":"closed","sticky":false,"template":"","format":"standard","meta":{"fifu_image_url":"","fifu_image_alt":"","footnotes":""},"categories":[53,75],"tags":[],"class_list":["post-144692","post","type-post","status-publish","format-standard","hentry","category-algerie","category-sport"],"_links":{"self":[{"href":"https:\/\/linitiative.ca\/International\/wp-json\/wp\/v2\/posts\/144692","targetHints":{"allow":["GET"]}}],"collection":[{"href":"https:\/\/linitiative.ca\/International\/wp-json\/wp\/v2\/posts"}],"about":[{"href":"https:\/\/linitiative.ca\/International\/wp-json\/wp\/v2\/types\/post"}],"author":[{"embeddable":true,"href":"https:\/\/linitiative.ca\/International\/wp-json\/wp\/v2\/users\/1738"}],"replies":[{"embeddable":true,"href":"https:\/\/linitiative.ca\/International\/wp-json\/wp\/v2\/comments?post=144692"}],"version-history":[{"count":0,"href":"https:\/\/linitiative.ca\/International\/wp-json\/wp\/v2\/posts\/144692\/revisions"}],"wp:attachment":[{"href":"https:\/\/linitiative.ca\/International\/wp-json\/wp\/v2\/media?parent=144692"}],"wp:term":[{"taxonomy":"category","embeddable":true,"href":"https:\/\/linitiative.ca\/International\/wp-json\/wp\/v2\/categories?post=144692"},{"taxonomy":"post_tag","embeddable":true,"href":"https:\/\/linitiative.ca\/International\/wp-json\/wp\/v2\/tags?post=144692"}],"curies":[{"name":"wp","href":"https:\/\/api.w.org\/{rel}","templated":true}]}}