{"id":144698,"date":"2022-04-04T06:00:00","date_gmt":"2022-04-04T10:00:00","guid":{"rendered":"https:\/\/linitiative.ca\/International\/la-tunisie-sous-la-loupe-de-locde-constats-et-recommandations\/"},"modified":"2022-04-04T06:00:00","modified_gmt":"2022-04-04T10:00:00","slug":"la-tunisie-sous-la-loupe-de-locde-constats-et-recommandations","status":"publish","type":"post","link":"https:\/\/linitiative.ca\/International\/la-tunisie-sous-la-loupe-de-locde-constats-et-recommandations\/","title":{"rendered":"La Tunisie sous la loupe de l\u2019OCDE : Constats et recommandations"},"content":{"rendered":"<div><img decoding=\"async\" src=\"https:\/\/linitiative.ca\/International\/wp-content\/uploads\/sites\/23\/2022\/04\/1649061105_article.jpg\" alt=\"La Tunisie sous la loupe de l\u2019OCDE : Constats et recommandations\" align=\"left\">Des vuln\u00e9rabilit\u00e9s de diverses natures, une r\u00e9cession d\u2019une ampleur sans pr\u00e9c\u00e9dent, un syst\u00e8me de sant\u00e9 sous pression, de lourdes r\u00e9percussions sociales, une reprise annonc\u00e9e tr\u00e8s lente, la pauvret\u00e9 qui recommence \u00e0 augmenter\u2026 L\u2019\u00e9tude \u00e9conomique de l\u2019OCDE consacr\u00e9e \u00e0 la Tunisie, la deuxi\u00e8me du genre apr\u00e8s celle de 2018, n\u2019occulte aucune d\u00e9faillance. Les entreprises publiques et les entraves \u00e0 la concurrence p\u00e8sent sur la dynamique des entreprises, les atouts pour le commerce international ne sont que partiellement exploit\u00e9s, les infrastructures se sont d\u00e9grad\u00e9es, les taux de ch\u00f4mage restent \u00e9lev\u00e9s, la main d\u2019\u0153uvre qualifi\u00e9e manque, les r\u00e9sultats de &#8230;<\/p>\n<\/div>\n<p>Auteur:<br \/>\n<a href=\"https:\/\/www.leaders.com.tn\/article\/33181-la-tunisie-sous-la-loupe-de-l-ocde-constats-et-recommandations\">Cliquez ici pour lire l&rsquo;article depuis sa source.<\/a><\/p>\n","protected":false},"excerpt":{"rendered":"<p>Des vuln\u00e9rabilit\u00e9s de diverses natures, une r\u00e9cession d\u2019une ampleur sans pr\u00e9c\u00e9dent, un syst\u00e8me de sant\u00e9 sous pression, de lourdes r\u00e9percussions sociales, une reprise annonc\u00e9e tr\u00e8s lente, la pauvret\u00e9 qui recommence \u00e0 augmenter\u2026 L\u2019\u00e9tude \u00e9conomique de l\u2019OCDE consacr\u00e9e \u00e0 la Tunisie, la deuxi\u00e8me du genre apr\u00e8s celle de 2018, n\u2019occulte aucune d\u00e9faillance. Les entreprises publiques et [&hellip;]<\/p>\n","protected":false},"author":1772,"featured_media":0,"comment_status":"closed","ping_status":"closed","sticky":false,"template":"","format":"standard","meta":{"fifu_image_url":"http:\/\/www.leaders.com.tn\/uploads\/content\/thumbnails_small\/1649061105_article.jpg","fifu_image_alt":"La Tunisie sous la loupe de l\u2019OCDE : Constats et recommandations","footnotes":""},"categories":[73,55],"tags":[],"class_list":["post-144698","post","type-post","status-publish","format-standard","hentry","category-actualite","category-tunisie"],"_links":{"self":[{"href":"https:\/\/linitiative.ca\/International\/wp-json\/wp\/v2\/posts\/144698","targetHints":{"allow":["GET"]}}],"collection":[{"href":"https:\/\/linitiative.ca\/International\/wp-json\/wp\/v2\/posts"}],"about":[{"href":"https:\/\/linitiative.ca\/International\/wp-json\/wp\/v2\/types\/post"}],"author":[{"embeddable":true,"href":"https:\/\/linitiative.ca\/International\/wp-json\/wp\/v2\/users\/1772"}],"replies":[{"embeddable":true,"href":"https:\/\/linitiative.ca\/International\/wp-json\/wp\/v2\/comments?post=144698"}],"version-history":[{"count":0,"href":"https:\/\/linitiative.ca\/International\/wp-json\/wp\/v2\/posts\/144698\/revisions"}],"wp:attachment":[{"href":"https:\/\/linitiative.ca\/International\/wp-json\/wp\/v2\/media?parent=144698"}],"wp:term":[{"taxonomy":"category","embeddable":true,"href":"https:\/\/linitiative.ca\/International\/wp-json\/wp\/v2\/categories?post=144698"},{"taxonomy":"post_tag","embeddable":true,"href":"https:\/\/linitiative.ca\/International\/wp-json\/wp\/v2\/tags?post=144698"}],"curies":[{"name":"wp","href":"https:\/\/api.w.org\/{rel}","templated":true}]}}