{"id":144702,"date":"2022-04-04T06:18:00","date_gmt":"2022-04-04T10:18:00","guid":{"rendered":"https:\/\/linitiative.ca\/International\/la-guerre-en-ukraine-et-nous\/"},"modified":"2022-04-04T06:18:00","modified_gmt":"2022-04-04T10:18:00","slug":"la-guerre-en-ukraine-et-nous","status":"publish","type":"post","link":"https:\/\/linitiative.ca\/International\/la-guerre-en-ukraine-et-nous\/","title":{"rendered":"La guerre en Ukraine et nous"},"content":{"rendered":"<div><img decoding=\"async\" src=\"https:\/\/linitiative.ca\/International\/wp-content\/uploads\/sites\/23\/2022\/04\/1649064465_article.jpg\" alt=\"La guerre en Ukraine et nous\" align=\"left\">A l\u2019horreur s\u2019ajoute l\u2019ignoble ! Un Etat souverain, membre des Nations unies, dot\u00e9 d\u2019un r\u00e9gime d\u00e9mocratique, l\u2019Ukraine, se voit envahir subitement par son voisin, la Russie. Une guerre f\u00e9roce est d\u00e9clench\u00e9e, obligeant plus de 11 millions d\u2019habitants, soit le quart de la population, \u00e0 fuir leurs logements. Plus de 7 millions d\u2019Ukrainiens sont contraints au d\u00e9placement \u00e0 l\u2019int\u00e9rieur du pays, alors que pas moins de 3 millions et demi s\u2019empressent de se r\u00e9fugier \u00e0 l\u2019ext\u00e9rieur. Sous les bombardements massifs, des civils sont tu\u00e9s, des villes sont ras\u00e9es. Ni la forte condamnation internationale, ni les sanctions prononc\u00e9es, n\u2019ont jusque-l\u00e0 dissuad\u00e9 Moscou &#8230;<\/p>\n<\/div>\n<p>Auteur:<br \/>\n<a href=\"https:\/\/www.leaders.com.tn\/article\/33186-la-guerre-en-ukraine-et-nous\">Cliquez ici pour lire l&rsquo;article depuis sa source.<\/a><\/p>\n","protected":false},"excerpt":{"rendered":"<p>A l\u2019horreur s\u2019ajoute l\u2019ignoble ! Un Etat souverain, membre des Nations unies, dot\u00e9 d\u2019un r\u00e9gime d\u00e9mocratique, l\u2019Ukraine, se voit envahir subitement par son voisin, la Russie. Une guerre f\u00e9roce est d\u00e9clench\u00e9e, obligeant plus de 11 millions d\u2019habitants, soit le quart de la population, \u00e0 fuir leurs logements. Plus de 7 millions d\u2019Ukrainiens sont contraints au [&hellip;]<\/p>\n","protected":false},"author":1772,"featured_media":0,"comment_status":"closed","ping_status":"closed","sticky":false,"template":"","format":"standard","meta":{"fifu_image_url":"http:\/\/www.leaders.com.tn\/uploads\/content\/thumbnails_small\/1649064465_article.jpg","fifu_image_alt":"La guerre en Ukraine et nous","footnotes":""},"categories":[73,55],"tags":[],"class_list":["post-144702","post","type-post","status-publish","format-standard","hentry","category-actualite","category-tunisie"],"_links":{"self":[{"href":"https:\/\/linitiative.ca\/International\/wp-json\/wp\/v2\/posts\/144702","targetHints":{"allow":["GET"]}}],"collection":[{"href":"https:\/\/linitiative.ca\/International\/wp-json\/wp\/v2\/posts"}],"about":[{"href":"https:\/\/linitiative.ca\/International\/wp-json\/wp\/v2\/types\/post"}],"author":[{"embeddable":true,"href":"https:\/\/linitiative.ca\/International\/wp-json\/wp\/v2\/users\/1772"}],"replies":[{"embeddable":true,"href":"https:\/\/linitiative.ca\/International\/wp-json\/wp\/v2\/comments?post=144702"}],"version-history":[{"count":0,"href":"https:\/\/linitiative.ca\/International\/wp-json\/wp\/v2\/posts\/144702\/revisions"}],"wp:attachment":[{"href":"https:\/\/linitiative.ca\/International\/wp-json\/wp\/v2\/media?parent=144702"}],"wp:term":[{"taxonomy":"category","embeddable":true,"href":"https:\/\/linitiative.ca\/International\/wp-json\/wp\/v2\/categories?post=144702"},{"taxonomy":"post_tag","embeddable":true,"href":"https:\/\/linitiative.ca\/International\/wp-json\/wp\/v2\/tags?post=144702"}],"curies":[{"name":"wp","href":"https:\/\/api.w.org\/{rel}","templated":true}]}}