{"id":144706,"date":"2022-04-04T07:31:00","date_gmt":"2022-04-04T11:31:00","guid":{"rendered":"https:\/\/linitiative.ca\/International\/tahar-bekri-loeuvre-litteraire-comme-devoir-de-liberte\/"},"modified":"2022-04-04T07:31:00","modified_gmt":"2022-04-04T11:31:00","slug":"tahar-bekri-loeuvre-litteraire-comme-devoir-de-liberte","status":"publish","type":"post","link":"https:\/\/linitiative.ca\/International\/tahar-bekri-loeuvre-litteraire-comme-devoir-de-liberte\/","title":{"rendered":"Tahar Bekri: L\u2019\u0153uvre litt\u00e9raire  comme devoir de libert\u00e9"},"content":{"rendered":"<div><img decoding=\"async\" src=\"https:\/\/linitiative.ca\/International\/wp-content\/uploads\/sites\/23\/2022\/04\/1649069999_article.jpg\" alt=\"Tahar Bekri: L\u2019\u0153uvre litt\u00e9raire  comme devoir de libert\u00e9\" align=\"left\">Un jour, le Prix\u00a0 Nobel de litt\u00e9rature, Claude Simon, \u00e9tait invit\u00e9 par l\u2019Union des Ecrivains \u00e0 Moscou, on lui posa la question suivante : \u00ab Quelles sont vos pr\u00e9occupations en ce moment ? \u00bb. Il r\u00e9pondit : \u00ab Mon probl\u00e8me est comment commencer une phrase et la finir \u00bb. Je sais combien la litt\u00e9rature\u00a0 est d\u2019abord affaire d\u2019\u00e9criture, de mots et de langue, de langage, de forme et de style.<br \/>\nEt pourtant, et ce, depuis peut-\u00eatre, L\u2019Epop\u00e9e de Gilgamesh chez les Babyloniens, en passant par Le livre des morts chez les Anciens Egyptiens, appel\u00e9 aussi (Livre pour sortir au Jour, 1700 av. notre \u00e8re) et bien s\u00fbr, par L\u2019Iliade et l\u2019Odyss\u00e9e d\u2019Hom\u00e8re (VIII s\u00e8me\u00a0 av. JC. &#8230;<\/p>\n<\/div>\n<p>Auteur:<br \/>\n<a href=\"https:\/\/www.leaders.com.tn\/article\/33189-tahar-bekri-l-oeuvre-litteraire-comme-devoir-de-liberte\">Cliquez ici pour lire l&rsquo;article depuis sa source.<\/a><\/p>\n","protected":false},"excerpt":{"rendered":"<p>Un jour, le Prix\u00a0 Nobel de litt\u00e9rature, Claude Simon, \u00e9tait invit\u00e9 par l\u2019Union des Ecrivains \u00e0 Moscou, on lui posa la question suivante : \u00ab Quelles sont vos pr\u00e9occupations en ce moment ? \u00bb. Il r\u00e9pondit : \u00ab Mon probl\u00e8me est comment commencer une phrase et la finir \u00bb. Je sais combien la litt\u00e9rature\u00a0 est [&hellip;]<\/p>\n","protected":false},"author":1772,"featured_media":0,"comment_status":"closed","ping_status":"closed","sticky":false,"template":"","format":"standard","meta":{"fifu_image_url":"http:\/\/www.leaders.com.tn\/uploads\/content\/thumbnails_small\/1649069999_article.jpg","fifu_image_alt":"Tahar Bekri: L\u2019\u0153uvre litt\u00e9raire  comme devoir de libert\u00e9","footnotes":""},"categories":[73,55],"tags":[],"class_list":["post-144706","post","type-post","status-publish","format-standard","hentry","category-actualite","category-tunisie"],"_links":{"self":[{"href":"https:\/\/linitiative.ca\/International\/wp-json\/wp\/v2\/posts\/144706","targetHints":{"allow":["GET"]}}],"collection":[{"href":"https:\/\/linitiative.ca\/International\/wp-json\/wp\/v2\/posts"}],"about":[{"href":"https:\/\/linitiative.ca\/International\/wp-json\/wp\/v2\/types\/post"}],"author":[{"embeddable":true,"href":"https:\/\/linitiative.ca\/International\/wp-json\/wp\/v2\/users\/1772"}],"replies":[{"embeddable":true,"href":"https:\/\/linitiative.ca\/International\/wp-json\/wp\/v2\/comments?post=144706"}],"version-history":[{"count":0,"href":"https:\/\/linitiative.ca\/International\/wp-json\/wp\/v2\/posts\/144706\/revisions"}],"wp:attachment":[{"href":"https:\/\/linitiative.ca\/International\/wp-json\/wp\/v2\/media?parent=144706"}],"wp:term":[{"taxonomy":"category","embeddable":true,"href":"https:\/\/linitiative.ca\/International\/wp-json\/wp\/v2\/categories?post=144706"},{"taxonomy":"post_tag","embeddable":true,"href":"https:\/\/linitiative.ca\/International\/wp-json\/wp\/v2\/tags?post=144706"}],"curies":[{"name":"wp","href":"https:\/\/api.w.org\/{rel}","templated":true}]}}