{"id":144714,"date":"2022-04-04T11:14:03","date_gmt":"2022-04-04T15:14:03","guid":{"rendered":"https:\/\/linitiative.ca\/International\/entreprenariat-lappel-a-candidature-est-lance-pour-machrou3i\/"},"modified":"2022-04-04T11:14:03","modified_gmt":"2022-04-04T15:14:03","slug":"entreprenariat-lappel-a-candidature-est-lance-pour-machrou3i","status":"publish","type":"post","link":"https:\/\/linitiative.ca\/International\/entreprenariat-lappel-a-candidature-est-lance-pour-machrou3i\/","title":{"rendered":"Entreprenariat. L\u2019appel \u00e0 candidature est lanc\u00e9 pour \u00abMachrou3i\u00bb"},"content":{"rendered":"<div><img decoding=\"async\" width=\"750\" height=\"421\" src=\"https:\/\/www.challenge.ma\/wp-content\/uploads\/2022\/04\/attijariwafa-bank.webp\" class=\"attachment-post-thumbnail size-post-thumbnail wp-post-image\" alt=\"\" loading=\"lazy\" srcset=\"https:\/\/www.challenge.ma\/wp-content\/uploads\/2022\/04\/attijariwafa-bank.webp 750w, https:\/\/www.challenge.ma\/wp-content\/uploads\/2022\/04\/attijariwafa-bank-300x168.webp 300w, https:\/\/www.challenge.ma\/wp-content\/uploads\/2022\/04\/attijariwafa-bank-360x202.webp 360w\" sizes=\"auto, (max-width: 750px) 100vw, 750px\" itemprop=\"image\">Attijariwafa bank et la Chambre de commerce, d\u2019industrie et de services de Casablanca-Settat, s\u2019associent pour promouvoir l\u2019entreprenariat au niveau de la r\u00e9gion en lan\u00e7ant la premi\u00e8re \u00e9dition du programme \u00ab\u00a0Machrou3i\u00a0\u00bb. Le programme est adress\u00e9 aux jeunes porteurs de projets, commer\u00e7ants\/artisans et TPE, pour les aider \u00e0 d\u00e9velopper activement leurs id\u00e9es<\/div>\n<p>Auteur: Azeroual Siham<br \/>\n<a href=\"https:\/\/www.challenge.ma\/entreprenariat-lappel-a-candidature-est-lance-pour-machrou3i-236130\/\">Cliquez ici pour lire l&rsquo;article depuis sa source.<\/a><\/p>\n","protected":false},"excerpt":{"rendered":"<p>Attijariwafa bank et la Chambre de commerce, d\u2019industrie et de services de Casablanca-Settat, s\u2019associent pour promouvoir l\u2019entreprenariat au niveau de la r\u00e9gion en lan\u00e7ant la premi\u00e8re \u00e9dition du programme \u00ab\u00a0Machrou3i\u00a0\u00bb. Le programme est adress\u00e9 aux jeunes porteurs de projets, commer\u00e7ants\/artisans et TPE, pour les aider \u00e0 d\u00e9velopper activement leurs id\u00e9es Auteur: Azeroual Siham Cliquez ici [&hellip;]<\/p>\n","protected":false},"author":1787,"featured_media":0,"comment_status":"closed","ping_status":"closed","sticky":false,"template":"","format":"standard","meta":{"fifu_image_url":"https:\/\/www.challenge.ma\/wp-content\/uploads\/2022\/04\/attijariwafa-bank.webp","fifu_image_alt":"Entreprenariat. L\u2019appel \u00e0 candidature est lanc\u00e9 pour \u00abMachrou3i\u00bb","footnotes":""},"categories":[78,54],"tags":[],"class_list":["post-144714","post","type-post","status-publish","format-standard","hentry","category-economie","category-maroc"],"_links":{"self":[{"href":"https:\/\/linitiative.ca\/International\/wp-json\/wp\/v2\/posts\/144714","targetHints":{"allow":["GET"]}}],"collection":[{"href":"https:\/\/linitiative.ca\/International\/wp-json\/wp\/v2\/posts"}],"about":[{"href":"https:\/\/linitiative.ca\/International\/wp-json\/wp\/v2\/types\/post"}],"author":[{"embeddable":true,"href":"https:\/\/linitiative.ca\/International\/wp-json\/wp\/v2\/users\/1787"}],"replies":[{"embeddable":true,"href":"https:\/\/linitiative.ca\/International\/wp-json\/wp\/v2\/comments?post=144714"}],"version-history":[{"count":0,"href":"https:\/\/linitiative.ca\/International\/wp-json\/wp\/v2\/posts\/144714\/revisions"}],"wp:attachment":[{"href":"https:\/\/linitiative.ca\/International\/wp-json\/wp\/v2\/media?parent=144714"}],"wp:term":[{"taxonomy":"category","embeddable":true,"href":"https:\/\/linitiative.ca\/International\/wp-json\/wp\/v2\/categories?post=144714"},{"taxonomy":"post_tag","embeddable":true,"href":"https:\/\/linitiative.ca\/International\/wp-json\/wp\/v2\/tags?post=144714"}],"curies":[{"name":"wp","href":"https:\/\/api.w.org\/{rel}","templated":true}]}}