{"id":144715,"date":"2022-04-04T11:52:13","date_gmt":"2022-04-04T15:52:13","guid":{"rendered":"https:\/\/linitiative.ca\/International\/voitures-electriques-smeia-mise-sur-la-gamme-bmw-i-au-maroc\/"},"modified":"2022-04-04T11:52:13","modified_gmt":"2022-04-04T15:52:13","slug":"voitures-electriques-smeia-mise-sur-la-gamme-bmw-i-au-maroc","status":"publish","type":"post","link":"https:\/\/linitiative.ca\/International\/voitures-electriques-smeia-mise-sur-la-gamme-bmw-i-au-maroc\/","title":{"rendered":"Voitures \u00e9lectriques. Smeia mise sur la gamme BMW i au Maroc"},"content":{"rendered":"<div><img decoding=\"async\" width=\"502\" height=\"298\" src=\"https:\/\/linitiative.ca\/International\/wp-content\/uploads\/sites\/23\/2022\/04\/Ouverture-2.jpg\" class=\"attachment-post-thumbnail size-post-thumbnail wp-post-image\" alt=\"\" loading=\"lazy\" srcset=\"https:\/\/linitiative.ca\/International\/wp-content\/uploads\/sites\/23\/2022\/04\/Ouverture-2.jpg 502w, https:\/\/www.challenge.ma\/wp-content\/uploads\/2022\/04\/Ouverture-2-300x178.jpg 300w, https:\/\/www.challenge.ma\/wp-content\/uploads\/2022\/04\/Ouverture-2-360x214.jpg 360w\" sizes=\"auto, (max-width: 502px) 100vw, 502px\" itemprop=\"image\">Smeia a effectu\u00e9 r\u00e9cemment dans le Royaume le lancement de la gamme BMW i 100% \u00e9lectrique. Cette derni\u00e8re s\u2019articule autour des nouveaux iX et i4. Faut-il souligner que ces lancements s\u2019inscrivent dans le cadre de la strat\u00e9gie de l\u2019importateur local de BMW en mati\u00e8re de commercialisation de v\u00e9hicules \u00e9lectrifi\u00e9s, initi\u00e9e<\/div>\n<p>Auteur: David J\u00e9r\u00e9mie<br \/>\n<a href=\"https:\/\/www.challenge.ma\/voitures-electriques-smeia-mise-sur-la-gamme-bmw-i-au-maroc-236140\/\">Cliquez ici pour lire l&rsquo;article depuis sa source.<\/a><\/p>\n","protected":false},"excerpt":{"rendered":"<p>Smeia a effectu\u00e9 r\u00e9cemment dans le Royaume le lancement de la gamme BMW i 100% \u00e9lectrique. Cette derni\u00e8re s\u2019articule autour des nouveaux iX et i4. Faut-il souligner que ces lancements s\u2019inscrivent dans le cadre de la strat\u00e9gie de l\u2019importateur local de BMW en mati\u00e8re de commercialisation de v\u00e9hicules \u00e9lectrifi\u00e9s, initi\u00e9e Auteur: David J\u00e9r\u00e9mie Cliquez ici [&hellip;]<\/p>\n","protected":false},"author":1787,"featured_media":0,"comment_status":"closed","ping_status":"closed","sticky":false,"template":"","format":"standard","meta":{"fifu_image_url":"https:\/\/www.challenge.ma\/wp-content\/uploads\/2022\/04\/Ouverture-2.jpg","fifu_image_alt":"Voitures \u00e9lectriques. Smeia mise sur la gamme BMW i au Maroc","footnotes":""},"categories":[78,54],"tags":[],"class_list":["post-144715","post","type-post","status-publish","format-standard","hentry","category-economie","category-maroc"],"_links":{"self":[{"href":"https:\/\/linitiative.ca\/International\/wp-json\/wp\/v2\/posts\/144715","targetHints":{"allow":["GET"]}}],"collection":[{"href":"https:\/\/linitiative.ca\/International\/wp-json\/wp\/v2\/posts"}],"about":[{"href":"https:\/\/linitiative.ca\/International\/wp-json\/wp\/v2\/types\/post"}],"author":[{"embeddable":true,"href":"https:\/\/linitiative.ca\/International\/wp-json\/wp\/v2\/users\/1787"}],"replies":[{"embeddable":true,"href":"https:\/\/linitiative.ca\/International\/wp-json\/wp\/v2\/comments?post=144715"}],"version-history":[{"count":0,"href":"https:\/\/linitiative.ca\/International\/wp-json\/wp\/v2\/posts\/144715\/revisions"}],"wp:attachment":[{"href":"https:\/\/linitiative.ca\/International\/wp-json\/wp\/v2\/media?parent=144715"}],"wp:term":[{"taxonomy":"category","embeddable":true,"href":"https:\/\/linitiative.ca\/International\/wp-json\/wp\/v2\/categories?post=144715"},{"taxonomy":"post_tag","embeddable":true,"href":"https:\/\/linitiative.ca\/International\/wp-json\/wp\/v2\/tags?post=144715"}],"curies":[{"name":"wp","href":"https:\/\/api.w.org\/{rel}","templated":true}]}}