{"id":144717,"date":"2022-04-04T16:40:37","date_gmt":"2022-04-04T20:40:37","guid":{"rendered":"https:\/\/linitiative.ca\/International\/af-cl-j06-un-esperantiste-et-un-etoile-dans-lequipe-type\/"},"modified":"2022-04-04T16:40:37","modified_gmt":"2022-04-04T20:40:37","slug":"af-cl-j06-un-esperantiste-et-un-etoile-dans-lequipe-type","status":"publish","type":"post","link":"https:\/\/linitiative.ca\/International\/af-cl-j06-un-esperantiste-et-un-etoile-dans-lequipe-type\/","title":{"rendered":"AF CL \u2013 J06 : Un esp\u00e9rantiste et un \u00e9toil\u00e9 dans l\u2019\u00e9quipe type"},"content":{"rendered":"<div>\n<p>La commission des comp\u00e9titions au sein de la CAF a choisi deux joueurs \u00e9voluant \u00e0 l\u2019Esp\u00e9rance de Tunis et l\u2019Etoile du Sahel dans l\u2019\u00e9quipe type de la 6e et derni\u00e8re journ\u00e9e de la phase des poules de la CAF CL. Il s\u2019agit du tunisien Iheb Msakni (ESS) et l\u2019attaquant nig\u00e9rian de l\u2019EST, Anayo Iwuala. \u00a0 [\u2026]<\/p>\n<p>L\u2019article <a href=\"https:\/\/sport.tunisienumerique.com\/af-cl-j06-un-esperantiste-et-un-etoile-dans-lequipe-type\/\">AF CL \u2013 J06 : Un esp\u00e9rantiste et un \u00e9toil\u00e9 dans l\u2019\u00e9quipe type<\/a> est apparu en premier sur <a href=\"https:\/\/www.tunisienumerique.com\/\">Tunisie<\/a>.<\/p>\n<\/div>\n<p>Auteur: Hamza Ben Khlifa<br \/>\n<a href=\"https:\/\/sport.tunisienumerique.com\/af-cl-j06-un-esperantiste-et-un-etoile-dans-lequipe-type\/\">Cliquez ici pour lire l&rsquo;article depuis sa source.<\/a><\/p>\n","protected":false},"excerpt":{"rendered":"<p>La commission des comp\u00e9titions au sein de la CAF a choisi deux joueurs \u00e9voluant \u00e0 l\u2019Esp\u00e9rance de Tunis et l\u2019Etoile du Sahel dans l\u2019\u00e9quipe type de la 6e et derni\u00e8re journ\u00e9e de la phase des poules de la CAF CL. Il s\u2019agit du tunisien Iheb Msakni (ESS) et l\u2019attaquant nig\u00e9rian de l\u2019EST, Anayo Iwuala. \u00a0 [&hellip;]<\/p>\n","protected":false},"author":1789,"featured_media":0,"comment_status":"closed","ping_status":"closed","sticky":false,"template":"","format":"standard","meta":{"fifu_image_url":"","fifu_image_alt":"","footnotes":""},"categories":[73,55],"tags":[],"class_list":["post-144717","post","type-post","status-publish","format-standard","hentry","category-actualite","category-tunisie"],"_links":{"self":[{"href":"https:\/\/linitiative.ca\/International\/wp-json\/wp\/v2\/posts\/144717","targetHints":{"allow":["GET"]}}],"collection":[{"href":"https:\/\/linitiative.ca\/International\/wp-json\/wp\/v2\/posts"}],"about":[{"href":"https:\/\/linitiative.ca\/International\/wp-json\/wp\/v2\/types\/post"}],"author":[{"embeddable":true,"href":"https:\/\/linitiative.ca\/International\/wp-json\/wp\/v2\/users\/1789"}],"replies":[{"embeddable":true,"href":"https:\/\/linitiative.ca\/International\/wp-json\/wp\/v2\/comments?post=144717"}],"version-history":[{"count":0,"href":"https:\/\/linitiative.ca\/International\/wp-json\/wp\/v2\/posts\/144717\/revisions"}],"wp:attachment":[{"href":"https:\/\/linitiative.ca\/International\/wp-json\/wp\/v2\/media?parent=144717"}],"wp:term":[{"taxonomy":"category","embeddable":true,"href":"https:\/\/linitiative.ca\/International\/wp-json\/wp\/v2\/categories?post=144717"},{"taxonomy":"post_tag","embeddable":true,"href":"https:\/\/linitiative.ca\/International\/wp-json\/wp\/v2\/tags?post=144717"}],"curies":[{"name":"wp","href":"https:\/\/api.w.org\/{rel}","templated":true}]}}