{"id":144721,"date":"2022-04-04T17:23:44","date_gmt":"2022-04-04T21:23:44","guid":{"rendered":"https:\/\/linitiative.ca\/International\/monde-le-gouverneur-de-la-banque-du-liban-dement-sa-faillite-de-la-banque-centrale\/"},"modified":"2022-04-04T17:23:44","modified_gmt":"2022-04-04T21:23:44","slug":"monde-le-gouverneur-de-la-banque-du-liban-dement-sa-faillite-de-la-banque-centrale","status":"publish","type":"post","link":"https:\/\/linitiative.ca\/International\/monde-le-gouverneur-de-la-banque-du-liban-dement-sa-faillite-de-la-banque-centrale\/","title":{"rendered":"Monde : Le Gouverneur de la Banque du Liban d\u00e9ment sa faillite de la Banque Centrale"},"content":{"rendered":"<div>\n<p>Le Gouverneur de la Banque Centrale du Liban, Riad Salam\u00e9 a d\u00e9clar\u00e9 lundi 04 avril 2022 que la banque exerce toujours son r\u00f4le qui lui est confi\u00e9 par la loi et que ce qui circule sur sa faillite est incorrect. Le gouverneur de la Banque du Liban a d\u00e9menti les informations rapport\u00e9es par les sites [\u2026]<\/p>\n<p>L\u2019article <a href=\"https:\/\/www.tunisienumerique.com\/monde-le-gouverneur-de-la-banque-du-liban-dement-sa-faillite-de-la-banque-centrale\/\">Monde : Le Gouverneur de la Banque du Liban d\u00e9ment sa faillite de la Banque Centrale<\/a> est apparu en premier sur <a href=\"https:\/\/www.tunisienumerique.com\/\">Tunisie<\/a>.<\/p>\n<\/div>\n<p>Auteur: rania ben slimane<br \/>\n<a href=\"https:\/\/www.tunisienumerique.com\/monde-le-gouverneur-de-la-banque-du-liban-dement-sa-faillite-de-la-banque-centrale\/\">Cliquez ici pour lire l&rsquo;article depuis sa source.<\/a><\/p>\n","protected":false},"excerpt":{"rendered":"<p>Le Gouverneur de la Banque Centrale du Liban, Riad Salam\u00e9 a d\u00e9clar\u00e9 lundi 04 avril 2022 que la banque exerce toujours son r\u00f4le qui lui est confi\u00e9 par la loi et que ce qui circule sur sa faillite est incorrect. Le gouverneur de la Banque du Liban a d\u00e9menti les informations rapport\u00e9es par les sites [&hellip;]<\/p>\n","protected":false},"author":1789,"featured_media":0,"comment_status":"closed","ping_status":"closed","sticky":false,"template":"","format":"standard","meta":{"fifu_image_url":"","fifu_image_alt":"","footnotes":""},"categories":[73,55],"tags":[],"class_list":["post-144721","post","type-post","status-publish","format-standard","hentry","category-actualite","category-tunisie"],"_links":{"self":[{"href":"https:\/\/linitiative.ca\/International\/wp-json\/wp\/v2\/posts\/144721","targetHints":{"allow":["GET"]}}],"collection":[{"href":"https:\/\/linitiative.ca\/International\/wp-json\/wp\/v2\/posts"}],"about":[{"href":"https:\/\/linitiative.ca\/International\/wp-json\/wp\/v2\/types\/post"}],"author":[{"embeddable":true,"href":"https:\/\/linitiative.ca\/International\/wp-json\/wp\/v2\/users\/1789"}],"replies":[{"embeddable":true,"href":"https:\/\/linitiative.ca\/International\/wp-json\/wp\/v2\/comments?post=144721"}],"version-history":[{"count":0,"href":"https:\/\/linitiative.ca\/International\/wp-json\/wp\/v2\/posts\/144721\/revisions"}],"wp:attachment":[{"href":"https:\/\/linitiative.ca\/International\/wp-json\/wp\/v2\/media?parent=144721"}],"wp:term":[{"taxonomy":"category","embeddable":true,"href":"https:\/\/linitiative.ca\/International\/wp-json\/wp\/v2\/categories?post=144721"},{"taxonomy":"post_tag","embeddable":true,"href":"https:\/\/linitiative.ca\/International\/wp-json\/wp\/v2\/tags?post=144721"}],"curies":[{"name":"wp","href":"https:\/\/api.w.org\/{rel}","templated":true}]}}