{"id":144722,"date":"2022-04-04T16:08:49","date_gmt":"2022-04-04T20:08:49","guid":{"rendered":"https:\/\/linitiative.ca\/International\/presentation-de-la-feuille-de-route-du-gouvernement-de-la-transition-place-aux-actes-maintenant\/"},"modified":"2022-04-04T16:08:49","modified_gmt":"2022-04-04T20:08:49","slug":"presentation-de-la-feuille-de-route-du-gouvernement-de-la-transition-place-aux-actes-maintenant","status":"publish","type":"post","link":"https:\/\/linitiative.ca\/International\/presentation-de-la-feuille-de-route-du-gouvernement-de-la-transition-place-aux-actes-maintenant\/","title":{"rendered":"PRESENTATION DE LA FEUILLE DE ROUTE DU GOUVERNEMENT DE LA TRANSITION : Place aux actes maintenant\u00a0!"},"content":{"rendered":"<div>\n<p><img loading=\"lazy\" decoding=\"async\" width=\"640\" height=\"419\" src=\"https:\/\/linitiative.ca\/International\/wp-content\/uploads\/sites\/23\/2022\/04\/Le-Premier-ministre-Albert-Ouedraogo.jpeg\" class=\"attachment- size- wp-post-image\" alt=\"\" style=\"float:left; margin:0 15px 15px 0;\" srcset=\"https:\/\/linitiative.ca\/International\/wp-content\/uploads\/sites\/23\/2022\/04\/Le-Premier-ministre-Albert-Ouedraogo.jpeg 640w, https:\/\/lepays.bf\/wp-content\/uploads\/2022\/04\/Le-Premier-ministre-Albert-Ouedraogo-300x196.jpeg 300w, https:\/\/lepays.bf\/wp-content\/uploads\/2022\/04\/Le-Premier-ministre-Albert-Ouedraogo-150x98.jpeg 150w\" sizes=\"auto, (max-width: 640px) 100vw, 640px\">Le 4 avril dernier, le Premier ministre, \u00a0Albert Ou\u00e9draogo, a pr\u00e9sent\u00e9 aux d\u00e9put\u00e9s de la Transition, la feuille de route du gouvernement de la Transition. C\u2019est un exercice normal dans le cadre d\u2019un r\u00e9gime constitutionnel normal. Il permet de savoir si le chef du gouvernement [\u2026]<\/p>\n<p>L\u2019article <a rel=\"nofollow\" href=\"https:\/\/lepays.bf\/presentation-de-la-feuille-de-route-du-gouvernement-de-la-transition-place-aux-actes-maintenant\/\">PRESENTATION DE LA FEUILLE DE ROUTE DU GOUVERNEMENT DE LA TRANSITION : Place aux actes maintenant\u00a0!<\/a> est apparu en premier sur <a rel=\"nofollow\" href=\"https:\/\/lepays.bf\/\">Editions Le Pays<\/a>.<\/p>\n<\/div>\n<p>Auteur: Editions LEPAYS<br \/>\n<a href=\"https:\/\/lepays.bf\/presentation-de-la-feuille-de-route-du-gouvernement-de-la-transition-place-aux-actes-maintenant\/\">Cliquez ici pour lire l&rsquo;article depuis sa source.<\/a><\/p>\n","protected":false},"excerpt":{"rendered":"<p>Le 4 avril dernier, le Premier ministre, \u00a0Albert Ou\u00e9draogo, a pr\u00e9sent\u00e9 aux d\u00e9put\u00e9s de la Transition, la feuille de route du gouvernement de la Transition. C\u2019est un exercice normal dans le cadre d\u2019un r\u00e9gime constitutionnel normal. Il permet de savoir si le chef du gouvernement [\u2026] L\u2019article PRESENTATION DE LA FEUILLE DE ROUTE DU GOUVERNEMENT [&hellip;]<\/p>\n","protected":false},"author":1813,"featured_media":0,"comment_status":"closed","ping_status":"closed","sticky":false,"template":"","format":"standard","meta":{"fifu_image_url":"https:\/\/lepays.bf\/wp-content\/uploads\/2022\/04\/Le-Premier-ministre-Albert-Ouedraogo.jpeg","fifu_image_alt":"PRESENTATION DE LA FEUILLE DE ROUTE DU GOUVERNEMENT DE LA TRANSITION : Place aux actes maintenant\u00a0!","footnotes":""},"categories":[73,81],"tags":[],"class_list":["post-144722","post","type-post","status-publish","format-standard","hentry","category-actualite","category-burkina-faso"],"_links":{"self":[{"href":"https:\/\/linitiative.ca\/International\/wp-json\/wp\/v2\/posts\/144722","targetHints":{"allow":["GET"]}}],"collection":[{"href":"https:\/\/linitiative.ca\/International\/wp-json\/wp\/v2\/posts"}],"about":[{"href":"https:\/\/linitiative.ca\/International\/wp-json\/wp\/v2\/types\/post"}],"author":[{"embeddable":true,"href":"https:\/\/linitiative.ca\/International\/wp-json\/wp\/v2\/users\/1813"}],"replies":[{"embeddable":true,"href":"https:\/\/linitiative.ca\/International\/wp-json\/wp\/v2\/comments?post=144722"}],"version-history":[{"count":0,"href":"https:\/\/linitiative.ca\/International\/wp-json\/wp\/v2\/posts\/144722\/revisions"}],"wp:attachment":[{"href":"https:\/\/linitiative.ca\/International\/wp-json\/wp\/v2\/media?parent=144722"}],"wp:term":[{"taxonomy":"category","embeddable":true,"href":"https:\/\/linitiative.ca\/International\/wp-json\/wp\/v2\/categories?post=144722"},{"taxonomy":"post_tag","embeddable":true,"href":"https:\/\/linitiative.ca\/International\/wp-json\/wp\/v2\/tags?post=144722"}],"curies":[{"name":"wp","href":"https:\/\/api.w.org\/{rel}","templated":true}]}}