{"id":144725,"date":"2022-04-04T03:11:46","date_gmt":"2022-04-04T07:11:46","guid":{"rendered":"https:\/\/linitiative.ca\/International\/lutte-contre-le-recrutement-des-enfants-soldats-le-maroc-inaugure-un-centre-international-de-recherche-a-dakhala\/"},"modified":"2022-04-04T03:11:46","modified_gmt":"2022-04-04T07:11:46","slug":"lutte-contre-le-recrutement-des-enfants-soldats-le-maroc-inaugure-un-centre-international-de-recherche-a-dakhala","status":"publish","type":"post","link":"https:\/\/linitiative.ca\/International\/lutte-contre-le-recrutement-des-enfants-soldats-le-maroc-inaugure-un-centre-international-de-recherche-a-dakhala\/","title":{"rendered":"Lutte contre le recrutement des enfants soldats : Le Maroc inaugure un centre international de recherche \u00e0 Dakhala"},"content":{"rendered":"<div>\n<p><strong>Le\u00a0 Maroc a inaugur\u00e9 le jeudi 31 mars 2022\u00a0 \u00e0 Dakhala, une des provinces du sud du royaume,\u00a0 situ\u00e9 \u00e0 1700 km de Rabat, le Centre International de Recherches sur la Pr\u00e9vention des enfants soldats en pr\u00e9sence des ministres des affaires \u00e9trang\u00e8res de la Gambie,\u00a0 la Guin\u00e9e Bissau, l\u2019Union des Comores et\u00a0 de la Somalie.\u00a0\u00a0 <\/strong><\/p>\n<p>Le Royaume du Maroc donne un signal fort dans la lutte contre l\u2019enr\u00f4lement des enfants dans les combats arm\u00e9s. Devant un parterre d\u2019acteurs et de sp\u00e9cialistes, le ministre des \u00a0Affaires Etrang\u00e8res, de la Coop\u00e9ration Africaine et des Marocains R\u00e9sidant \u00e0 l\u2019Etranger,Nasser Bourita, a inaugur\u00e9 le\u00a0 Centre international de Recherches sur la Pr\u00e9vention des Enfants Soldats qui\u00a0 est intervenu le lendemain de la cl\u00f4ture de la 21<sup>e<\/sup> session du conseil de la CEN-SAD tenue du 28 au 30 mars 2022. Tout juste apr\u00e8s la coupure du ruban, plusieurs\u00a0 acteurs et sp\u00e9cialistes ont anim\u00e9 des panels.<\/p>\n<p>Chiffres \u00e0 l\u2019appui, les panelistes ont d\u00e9montr\u00e9\u00a0 que le ph\u00e9nom\u00e8ne est r\u00e9el et prend de l\u2019ampleur en Afrique et dans le monde. Ainsi,\u00a0 la proportion d\u2019enfants vivant dans des zones de conflit et qui risquent d\u2019\u00eatre recrut\u00e9s et utilis\u00e9s par des groupes arm\u00e9s a tripl\u00e9, passant de moins de 5% en 1990 (99 millions d\u2019enfants) \u00e0 plus de 14% en 2020 (337 millions d\u2019enfants). &lt;&lt;La probl\u00e9matique des enfants soldats n\u2019est ni marginale, ni circonstanci\u00e9e. Les enfants prennent part \u00e0 75% des conflits en cours dans le monde, plus de 460 millions d\u2019enfants vivent dans une zone de conflit en 2022 et plus de 15% des enfants-soldats sont des filles\u00a0&gt;&gt;, a soulign\u00e9 M. Bourta.<\/p>\n<p>A travers ce centre,\u00a0 a-t-il dit, le Maroc souhaite apporter sa pierre \u00e0 l\u2019\u00e9difice, en contribuant au d\u00e9bat par la formulation de propositions concr\u00e8tes \u00e0 la faveur du continuum s\u00e9curit\u00e9-d\u00e9veloppement et la coordination des efforts de la communaut\u00e9 internationale<\/p>\n<p>L\u2019objectif\u00a0 de ce centre est de contribuer \u00e0 la lutte contre le recrutement des enfants-soldats, \u00e0 travers la diffusion des recherches\u00a0 sur le sort des enfants-soldats, les processus de leur embrigadement et les causes sous-jacentes. Il tend aussi \u00e0 fournir des donn\u00e9es pr\u00e9cises, qualitatives et quantitatives afin de mener une action bas\u00e9e sur la recherche acad\u00e9mique. Il est dirig\u00e9 par le Pr Abdelkader Filali, enseignant chercheur dans les universit\u00e9s de Maroc et du Canada.<\/p>\n<p>Pour lui, les missions de sa structure\u00a0 seront focalis\u00e9es\u00a0 autour des \u00e9tudes, des recherches et des consultations portant sur la pr\u00e9vention et l\u2019exploitation des enfants dans les zones de conflit. Il a affirm\u00e9 que le centre sera dot\u00e9e de m\u00e9canismes de plaidoyer international aupr\u00e8s des organisations des Nations unies dans les diff\u00e9rents forums, et ce en collaboration avec la soci\u00e9t\u00e9 civile dans le monde entier et les instances civiles \u0153uvrant dans ce domaine.<\/p>\n<p><img decoding=\"async\" loading=\"lazy\" class=\"alignnone wp-image-47583 size-full\" src=\"https:\/\/linitiative.ca\/International\/wp-content\/uploads\/sites\/23\/2022\/04\/IMG-20220331-WA0056.jpg\" alt=\"\" width=\"896\" height=\"447\" srcset=\"https:\/\/linitiative.ca\/International\/wp-content\/uploads\/sites\/23\/2022\/04\/IMG-20220331-WA0056.jpg 896w, https:\/\/www.sidwaya.info\/wp-content\/uploads\/2022\/04\/IMG-20220331-WA0056-300x150.jpg 300w, https:\/\/www.sidwaya.info\/wp-content\/uploads\/2022\/04\/IMG-20220331-WA0056-768x383.jpg 768w, https:\/\/www.sidwaya.info\/wp-content\/uploads\/2022\/04\/IMG-20220331-WA0056-150x75.jpg 150w, https:\/\/www.sidwaya.info\/wp-content\/uploads\/2022\/04\/IMG-20220331-WA0056-696x347.jpg 696w, https:\/\/www.sidwaya.info\/wp-content\/uploads\/2022\/04\/IMG-20220331-WA0056-842x420.jpg 842w\" sizes=\"auto, (max-width: 896px) 100vw, 896px\"><\/p>\n<p>\u00ab\u00a0Le centre\u00a0 dispose de cadres, d\u2019acad\u00e9miciens et d\u2019universitaires qui seront dot\u00e9s de m\u00e9canismes de contr\u00f4le et de suivi des diverses violations dans les zones de conflit \u00e0 travers le monde\u00a0\u00bb, a pr\u00e9cis\u00e9 Pr Filali. Le centre,\u00a0 pour atteindre ses objectifs, va s\u2019associer aux agences des Nations unies, aux organisations internationales et r\u00e9gionales, aux r\u00e9seaux internationaux et \u00e0 la soci\u00e9t\u00e9 civile pour d\u00e9velopper un programme commun de recherches.<\/p>\n<p><strong>Dakhla un choix lourd de sens<\/strong><\/p>\n<p><strong>\u00a0<\/strong>Par ailleurs, M. Bourita a soulign\u00e9 que le choix de Dakhla pour abriter le Centre international de recherches sur la pr\u00e9vention des enfants-soldats, est une reconnaissance du r\u00f4le du Maroc en tant que pourvoyeur de paix, de s\u00e9curit\u00e9 et de stabilit\u00e9.\u00a0\u00a0 Le Maroc compte sur les r\u00e9sultats des recherches que le centre m\u00e8nera surtout sur la gestion des camps de Tindouf abrit\u00e9 par son voisin, l\u2019Alg\u00e9rie qui soutient les ind\u00e9pendantistes du\u00a0 Front Polisario o\u00f9 beaucoup\u00a0 d\u2019enfants saharaoui y sont. \u00abL\u2019Alg\u00e9rie pays-h\u00f4te du camp Tindouf doit assumer la pl\u00e9nitude de sa responsabilit\u00e9 internationale imprescriptible, notamment au regard de la s\u00e9curit\u00e9 et de la protection des enfants vivant sur son territoire\u00a0\u00bb, a d\u00e9clar\u00e9 M Bourita.<\/p>\n<p>Le Royaume du Maroc appelle ainsi \u00e0 mettre fin \u00e0 l\u2019impunit\u00e9 des personnes responsables du recrutement et de l\u2019utilisation criminelle d\u2019enfants et d\u2019autres violations graves, en soutenant la surveillance et la communication syst\u00e9matiques par les Nations Unies des violations des droits de l\u2019enfant dans les conflits, a-t-il ajout\u00e9.<\/p>\n<p>Avant l\u2019inauguration du centre, M Bourita\u00a0 et le Premier ministre du Commonwealth de la Dominique, Roosevelt Skerrit, ont ouvert\u00a0 la Repr\u00e9sentation de l\u2019Organisation des Etats de la Cara\u00efbe Orientale (OECO) \u00e0 Dakhala.\u00a0 L\u2019OECO regroupe six pays, Antigua &amp; Barbuda, Grenade, Montserrat, Saint-Kitts &amp; Nevis, Sainte-Lucie, Saint-Vincent et les Grenadines. \u00ab\u00a0Cette ouverture confirme le soutien croissant \u00e0 la marocanit\u00e9 du Sahara et \u00e0 la consolidation de la souverainet\u00e9 du Maroc sur ses provinces du sud\u00a0\u00bb, a indiqu\u00e9 M. Bourita<\/p>\n<p><img decoding=\"async\" loading=\"lazy\" class=\"alignnone wp-image-47585 size-full\" src=\"https:\/\/linitiative.ca\/International\/wp-content\/uploads\/sites\/23\/2022\/04\/20220331_110228.jpg\" alt=\"\" width=\"900\" height=\"675\" srcset=\"https:\/\/linitiative.ca\/International\/wp-content\/uploads\/sites\/23\/2022\/04\/20220331_110228.jpg 900w, https:\/\/www.sidwaya.info\/wp-content\/uploads\/2022\/04\/20220331_110228-300x225.jpg 300w, https:\/\/www.sidwaya.info\/wp-content\/uploads\/2022\/04\/20220331_110228-768x576.jpg 768w, https:\/\/www.sidwaya.info\/wp-content\/uploads\/2022\/04\/20220331_110228-150x113.jpg 150w, https:\/\/www.sidwaya.info\/wp-content\/uploads\/2022\/04\/20220331_110228-696x522.jpg 696w, https:\/\/www.sidwaya.info\/wp-content\/uploads\/2022\/04\/20220331_110228-560x420.jpg 560w, https:\/\/www.sidwaya.info\/wp-content\/uploads\/2022\/04\/20220331_110228-80x60.jpg 80w, https:\/\/www.sidwaya.info\/wp-content\/uploads\/2022\/04\/20220331_110228-265x198.jpg 265w\" sizes=\"auto, (max-width: 900px) 100vw, 900px\">Quant au\u00a0 Premier ministre du Commonwealth de la Dominique, M Skerit, il a \u00e9galement r\u00e9affirm\u00e9 la reconnaissance de son pays de la souverainet\u00e9 du Maroc sur l\u2019ensemble de son territoire, y compris le Sahara marocain. \u00ab\u00a0Le Commonwealth de la Dominique r\u00e9it\u00e8re aussi son plein soutien \u00e0 l\u2019initiative marocaine d\u2019autonomie en tant que base unique pour une r\u00e9solution politique consensuelle de ce diff\u00e9rend r\u00e9gional, dans le plein respect de l\u2019int\u00e9grit\u00e9 territoriale et de la souverainet\u00e9 nationale du Maroc\u00a0\u00bb, a-t-il insist\u00e9.<\/p>\n<p>Les provinces du sud marocain, au nombre de dix, sont devenues des villes consulaires. Ces provinces\u00a0 sont rattach\u00e9es aux trois r\u00e9gions suivantes\u00a0: Guelmim-Oued Noun, La\u00e2youne-Sakia El Hamra et Dakhala-Oued Eddahab.<\/p>\n<p>Dans ces villes du sud marocain, plusieurs pays africains\u00a0 ont ouvert des consulats une mani\u00e8re de reconnaitre la souverainet\u00e9 marocaine sur ces territoires disput\u00e9s par le Front Polisario et soutenir le plan d\u2019autonomie de ces r\u00e9gions propos\u00e9 par le Royaume.<\/p>\n<p>\u00a0<\/p>\n<p style=\"text-align: right\">Boureima SANGA<\/p>\n<p style=\"text-align: right\">bsanga2003@yahoo.fr<\/p>\n<p style=\"text-align: right\">Dakhala\/Maroc<\/p>\n<p>L\u2019article <a rel=\"nofollow\" href=\"https:\/\/www.sidwaya.info\/blog\/2022\/04\/04\/lutte-contre-le-recrutement-des-enfants-soldats-le-maroc-inaugure-un-centre-international-de-recherche-a-dakhala\/\">Lutte contre le recrutement des enfants soldats : Le Maroc inaugure un centre international de recherche \u00e0 Dakhala<\/a> est apparu en premier sur <a rel=\"nofollow\" href=\"https:\/\/www.sidwaya.info\/\">Quotidien Sidwaya<\/a>.<\/p>\n<\/div>\n<p>Auteur: BS. Sidwaya<br \/>\n<a href=\"https:\/\/www.sidwaya.info\/blog\/2022\/04\/04\/lutte-contre-le-recrutement-des-enfants-soldats-le-maroc-inaugure-un-centre-international-de-recherche-a-dakhala\/?utm_source=rss&#038;utm_medium=rss&#038;utm_campaign=lutte-contre-le-recrutement-des-enfants-soldats-le-maroc-inaugure-un-centre-international-de-recherche-a-dakhala\">Cliquez ici pour lire l&rsquo;article depuis sa source.<\/a><\/p>\n","protected":false},"excerpt":{"rendered":"<p>Le\u00a0 Maroc a inaugur\u00e9 le jeudi 31 mars 2022\u00a0 \u00e0 Dakhala, une des provinces du sud du royaume,\u00a0 situ\u00e9 \u00e0 1700 km de Rabat, le Centre International de Recherches sur la Pr\u00e9vention des enfants soldats en pr\u00e9sence des ministres des affaires \u00e9trang\u00e8res de la Gambie,\u00a0 la Guin\u00e9e Bissau, l\u2019Union des Comores et\u00a0 de la Somalie.\u00a0\u00a0 [&hellip;]<\/p>\n","protected":false},"author":1816,"featured_media":0,"comment_status":"closed","ping_status":"closed","sticky":false,"template":"","format":"standard","meta":{"fifu_image_url":"https:\/\/www.sidwaya.info\/wp-content\/uploads\/2022\/04\/IMG-20220331-WA0056.jpg","fifu_image_alt":"Lutte contre le recrutement des enfants soldats : Le Maroc inaugure un centre international de recherche \u00e0 Dakhala","footnotes":""},"categories":[73,81],"tags":[],"class_list":["post-144725","post","type-post","status-publish","format-standard","hentry","category-actualite","category-burkina-faso"],"_links":{"self":[{"href":"https:\/\/linitiative.ca\/International\/wp-json\/wp\/v2\/posts\/144725","targetHints":{"allow":["GET"]}}],"collection":[{"href":"https:\/\/linitiative.ca\/International\/wp-json\/wp\/v2\/posts"}],"about":[{"href":"https:\/\/linitiative.ca\/International\/wp-json\/wp\/v2\/types\/post"}],"author":[{"embeddable":true,"href":"https:\/\/linitiative.ca\/International\/wp-json\/wp\/v2\/users\/1816"}],"replies":[{"embeddable":true,"href":"https:\/\/linitiative.ca\/International\/wp-json\/wp\/v2\/comments?post=144725"}],"version-history":[{"count":0,"href":"https:\/\/linitiative.ca\/International\/wp-json\/wp\/v2\/posts\/144725\/revisions"}],"wp:attachment":[{"href":"https:\/\/linitiative.ca\/International\/wp-json\/wp\/v2\/media?parent=144725"}],"wp:term":[{"taxonomy":"category","embeddable":true,"href":"https:\/\/linitiative.ca\/International\/wp-json\/wp\/v2\/categories?post=144725"},{"taxonomy":"post_tag","embeddable":true,"href":"https:\/\/linitiative.ca\/International\/wp-json\/wp\/v2\/tags?post=144725"}],"curies":[{"name":"wp","href":"https:\/\/api.w.org\/{rel}","templated":true}]}}