{"id":144728,"date":"2022-04-04T06:22:13","date_gmt":"2022-04-04T10:22:13","guid":{"rendered":"https:\/\/linitiative.ca\/International\/region-du-centre-nord-un-policier-et-un-civil-tues-dans-une-attaque-terroriste-a-kongoussi-ce-lundi\/"},"modified":"2022-04-04T06:22:13","modified_gmt":"2022-04-04T10:22:13","slug":"region-du-centre-nord-un-policier-et-un-civil-tues-dans-une-attaque-terroriste-a-kongoussi-ce-lundi","status":"publish","type":"post","link":"https:\/\/linitiative.ca\/International\/region-du-centre-nord-un-policier-et-un-civil-tues-dans-une-attaque-terroriste-a-kongoussi-ce-lundi\/","title":{"rendered":"R\u00e9gion du Centre-Nord\u00a0: Un policier et un civil tues dans une attaque terroriste a Kongoussi ce lundi."},"content":{"rendered":"<div>\n<p>Deux personnes ont \u00e9t\u00e9 tu\u00e9es ce lundi matin \u00e0 Kongoussi dans la province de Bam par des individus lourdement armes qui ont cause d\u2019importants d\u00e9g\u00e2ts au domicile de l\u2019ex maire, Daouda Zorom\u00e9.<\/p>\n<p>Ces hommes, arriv\u00e9s \u00e0 bord d\u2019un camion remorque et des motocyclettes, ont ouvert le feu sur un policier et un civil au poste de contr\u00f4le de Loulouka \u00e0 quelques m\u00e8tres du domicile de l\u2019ex maire de la commune de Kongoussi.<\/p>\n<p>Selon AIB, ces hommes sont arriv\u00e9s avec un camion vers 5h 30 comme des transporteurs. Quand le policier a voulu s\u2019approcher, ils ont ouvert le feu mortellement sur lui.<\/p>\n<p>Un autre civil qui a pris la panique, a \u00e9t\u00e9 abattu dans la fuite.<\/p>\n<p>Apr\u00e8s ce drame, ils ont attaqu\u00e9 le domicile de l\u2019ex maire en d\u00e9fon\u00e7ant le portail.<\/p>\n<p>Dans l\u2019enceinte du domicile de l\u2019ex maire, ils ont incendi\u00e9 3 v\u00e9hicules et emporter des motos. Le v\u00e9hicule du maire et deux camions benne ont \u00e9t\u00e9 incendi\u00e9s.<\/p>\n<p style=\"text-align: right\"><strong>La R\u00e9daction<\/strong><\/p>\n<p>L\u2019article <a rel=\"nofollow\" href=\"https:\/\/www.sidwaya.info\/blog\/2022\/04\/04\/region-du-centre-nord-un-policier-et-un-civil-tues-dans-une-attaque-terroriste-a-kongoussi-ce-lundi\/\">R\u00e9gion du Centre-Nord\u00a0: Un policier et un civil tues dans une attaque terroriste a Kongoussi ce lundi.<\/a> est apparu en premier sur <a rel=\"nofollow\" href=\"https:\/\/www.sidwaya.info\/\">Quotidien Sidwaya<\/a>.<\/p>\n<\/div>\n<p>Auteur: Wamini SIDWAYA<br \/>\n<a href=\"https:\/\/www.sidwaya.info\/blog\/2022\/04\/04\/region-du-centre-nord-un-policier-et-un-civil-tues-dans-une-attaque-terroriste-a-kongoussi-ce-lundi\/?utm_source=rss&#038;utm_medium=rss&#038;utm_campaign=region-du-centre-nord-un-policier-et-un-civil-tues-dans-une-attaque-terroriste-a-kongoussi-ce-lundi\">Cliquez ici pour lire l&rsquo;article depuis sa source.<\/a><\/p>\n","protected":false},"excerpt":{"rendered":"<p>Deux personnes ont \u00e9t\u00e9 tu\u00e9es ce lundi matin \u00e0 Kongoussi dans la province de Bam par des individus lourdement armes qui ont cause d\u2019importants d\u00e9g\u00e2ts au domicile de l\u2019ex maire, Daouda Zorom\u00e9. Ces hommes, arriv\u00e9s \u00e0 bord d\u2019un camion remorque et des motocyclettes, ont ouvert le feu sur un policier et un civil au poste [&hellip;]<\/p>\n","protected":false},"author":1816,"featured_media":0,"comment_status":"closed","ping_status":"closed","sticky":false,"template":"","format":"standard","meta":{"fifu_image_url":"","fifu_image_alt":"","footnotes":""},"categories":[73,81],"tags":[],"class_list":["post-144728","post","type-post","status-publish","format-standard","hentry","category-actualite","category-burkina-faso"],"_links":{"self":[{"href":"https:\/\/linitiative.ca\/International\/wp-json\/wp\/v2\/posts\/144728","targetHints":{"allow":["GET"]}}],"collection":[{"href":"https:\/\/linitiative.ca\/International\/wp-json\/wp\/v2\/posts"}],"about":[{"href":"https:\/\/linitiative.ca\/International\/wp-json\/wp\/v2\/types\/post"}],"author":[{"embeddable":true,"href":"https:\/\/linitiative.ca\/International\/wp-json\/wp\/v2\/users\/1816"}],"replies":[{"embeddable":true,"href":"https:\/\/linitiative.ca\/International\/wp-json\/wp\/v2\/comments?post=144728"}],"version-history":[{"count":0,"href":"https:\/\/linitiative.ca\/International\/wp-json\/wp\/v2\/posts\/144728\/revisions"}],"wp:attachment":[{"href":"https:\/\/linitiative.ca\/International\/wp-json\/wp\/v2\/media?parent=144728"}],"wp:term":[{"taxonomy":"category","embeddable":true,"href":"https:\/\/linitiative.ca\/International\/wp-json\/wp\/v2\/categories?post=144728"},{"taxonomy":"post_tag","embeddable":true,"href":"https:\/\/linitiative.ca\/International\/wp-json\/wp\/v2\/tags?post=144728"}],"curies":[{"name":"wp","href":"https:\/\/api.w.org\/{rel}","templated":true}]}}