{"id":144730,"date":"2022-04-04T08:54:15","date_gmt":"2022-04-04T12:54:15","guid":{"rendered":"https:\/\/linitiative.ca\/International\/assemblee-legislative-de-transition-les-4-priorites-du-premier-ministre-albert-ouedraogo\/"},"modified":"2022-04-04T08:54:15","modified_gmt":"2022-04-04T12:54:15","slug":"assemblee-legislative-de-transition-les-4-priorites-du-premier-ministre-albert-ouedraogo","status":"publish","type":"post","link":"https:\/\/linitiative.ca\/International\/assemblee-legislative-de-transition-les-4-priorites-du-premier-ministre-albert-ouedraogo\/","title":{"rendered":"Assembl\u00e9e l\u00e9gislative de Transition: Les 4 priorit\u00e9s du Premier ministre Albert Ou\u00e9draogo"},"content":{"rendered":"<div>\n<p><strong>Devant les\u00a0 membres de l\u2019Assembl\u00e9e l\u00e9gislative de Transition, le Premier ministre Albert Ou\u00e9draogo a d\u00e9roul\u00e9 sa feuille de route et ses priorit\u00e9s. Sidwaya Internet met \u00e0 votre disposition son discours de politique g\u00e9n\u00e9rale.<\/strong><\/p>\n<p>Lire le discours de politique g\u00e9n\u00e9rale<\/p>\n<p><a href=\"https:\/\/www.sidwaya.info\/wp-content\/uploads\/2022\/04\/FR-1.pdf\">FR<\/a><\/p>\n<p>\u00a0<\/p>\n<p>L\u2019article <a rel=\"nofollow\" href=\"https:\/\/www.sidwaya.info\/blog\/2022\/04\/04\/assemblee-legislative-de-transition-les-4-priorites-du-premier-ministre-albert-ouedraogo\/\">Assembl\u00e9e l\u00e9gislative de Transition: Les 4 priorit\u00e9s du Premier ministre Albert Ou\u00e9draogo<\/a> est apparu en premier sur <a rel=\"nofollow\" href=\"https:\/\/www.sidwaya.info\/\">Quotidien Sidwaya<\/a>.<\/p>\n<\/div>\n<p>Auteur: BS. Sidwaya<br \/>\n<a href=\"https:\/\/www.sidwaya.info\/blog\/2022\/04\/04\/assemblee-legislative-de-transition-les-4-priorites-du-premier-ministre-albert-ouedraogo\/?utm_source=rss&#038;utm_medium=rss&#038;utm_campaign=assemblee-legislative-de-transition-les-4-priorites-du-premier-ministre-albert-ouedraogo\">Cliquez ici pour lire l&rsquo;article depuis sa source.<\/a><\/p>\n","protected":false},"excerpt":{"rendered":"<p>Devant les\u00a0 membres de l\u2019Assembl\u00e9e l\u00e9gislative de Transition, le Premier ministre Albert Ou\u00e9draogo a d\u00e9roul\u00e9 sa feuille de route et ses priorit\u00e9s. Sidwaya Internet met \u00e0 votre disposition son discours de politique g\u00e9n\u00e9rale. Lire le discours de politique g\u00e9n\u00e9rale FR \u00a0 L\u2019article Assembl\u00e9e l\u00e9gislative de Transition: Les 4 priorit\u00e9s du Premier ministre Albert Ou\u00e9draogo est [&hellip;]<\/p>\n","protected":false},"author":1816,"featured_media":0,"comment_status":"closed","ping_status":"closed","sticky":false,"template":"","format":"standard","meta":{"fifu_image_url":"","fifu_image_alt":"","footnotes":""},"categories":[73,81],"tags":[],"class_list":["post-144730","post","type-post","status-publish","format-standard","hentry","category-actualite","category-burkina-faso"],"_links":{"self":[{"href":"https:\/\/linitiative.ca\/International\/wp-json\/wp\/v2\/posts\/144730","targetHints":{"allow":["GET"]}}],"collection":[{"href":"https:\/\/linitiative.ca\/International\/wp-json\/wp\/v2\/posts"}],"about":[{"href":"https:\/\/linitiative.ca\/International\/wp-json\/wp\/v2\/types\/post"}],"author":[{"embeddable":true,"href":"https:\/\/linitiative.ca\/International\/wp-json\/wp\/v2\/users\/1816"}],"replies":[{"embeddable":true,"href":"https:\/\/linitiative.ca\/International\/wp-json\/wp\/v2\/comments?post=144730"}],"version-history":[{"count":0,"href":"https:\/\/linitiative.ca\/International\/wp-json\/wp\/v2\/posts\/144730\/revisions"}],"wp:attachment":[{"href":"https:\/\/linitiative.ca\/International\/wp-json\/wp\/v2\/media?parent=144730"}],"wp:term":[{"taxonomy":"category","embeddable":true,"href":"https:\/\/linitiative.ca\/International\/wp-json\/wp\/v2\/categories?post=144730"},{"taxonomy":"post_tag","embeddable":true,"href":"https:\/\/linitiative.ca\/International\/wp-json\/wp\/v2\/tags?post=144730"}],"curies":[{"name":"wp","href":"https:\/\/api.w.org\/{rel}","templated":true}]}}