{"id":144731,"date":"2022-04-04T10:18:03","date_gmt":"2022-04-04T14:18:03","guid":{"rendered":"https:\/\/linitiative.ca\/International\/guinee-des-barons-du-regime-conde-face-a-la-justice\/"},"modified":"2022-04-04T10:18:03","modified_gmt":"2022-04-04T14:18:03","slug":"guinee-des-barons-du-regime-conde-face-a-la-justice","status":"publish","type":"post","link":"https:\/\/linitiative.ca\/International\/guinee-des-barons-du-regime-conde-face-a-la-justice\/","title":{"rendered":"Guin\u00e9e : des barons du r\u00e9gime Cond\u00e9 face \u00e0 la justice"},"content":{"rendered":"<div>\n<p><img decoding=\"async\" width=\"275\" height=\"183\" src=\"https:\/\/linitiative.ca\/International\/wp-content\/uploads\/sites\/23\/2022\/04\/16490818832389.jpg\" class=\"attachment-post-thumbnail size-post-thumbnail wp-post-image\" alt=\"\" loading=\"lazy\"><\/p>\n<p>L&rsquo;ancien Premier ministre, Ibrahim Kassory Fofana, et plusieurs membres de son gouvernement sont convoqu\u00e9s ce lundi \u00e0 la Direction des investigations judiciaires de la Gendarmerie nationale.Pas de r\u00e9pit pour les anciens collaborateurs de l&rsquo;ex pr\u00e9sident guin\u00e9en, Alpha Cond\u00e9. Depuis le renversement de ce dernier le 5 septembre 2021, ils multiplient les allers-retours devant la justice. Et ce n&rsquo;est toujours pas fini. \u00a0<\/p>\n<p>Ce lundi 4 avril, Ibrahim Kassory Fofana, dernier chef de gouvernement de l&rsquo;\u00e8re Cond\u00e9 et plusieurs de ses cogestionnaires seront entendus par des agents de la Gendarmerie.<\/p>\n<p>M. Fofana, Dr Mohamed Dian\u00e9, ancien ministre de la D\u00e9fense, Oy\u00e9 Guilavogui, ex ministre d&rsquo;Etat en charge de l&rsquo;Environnement et des Eaux et For\u00eats et Gbatama Sow, ministre des Sports du gouvernement d\u00e9chu apporteront des r\u00e9ponses sur les faits pr\u00e9sum\u00e9s de d\u00e9tournement de fonds publics, blanchiment d&rsquo;argent, vol et complicit\u00e9 active dans la dilapidation de deniers publics qui leur sont reproch\u00e9s.<\/p>\n<p>Cet article <a rel=\"nofollow\" href=\"https:\/\/www.journalducameroun.com\/guinee-des-barons-du-regime-conde-face-a-la-justice\/\">Guin\u00e9e : des barons du r\u00e9gime Cond\u00e9 face \u00e0 la justice<\/a> est apparu en premier sur <a rel=\"nofollow\" href=\"https:\/\/www.journalducameroun.com\/\">Journal du Cameroun<\/a>.<\/p>\n<\/div>\n<p>Auteur: APA News<br \/>\n<a href=\"https:\/\/www.journalducameroun.com\/guinee-des-barons-du-regime-conde-face-a-la-justice\/\">Cliquez ici pour lire l&rsquo;article depuis sa source.<\/a><\/p>\n","protected":false},"excerpt":{"rendered":"<p>L&rsquo;ancien Premier ministre, Ibrahim Kassory Fofana, et plusieurs membres de son gouvernement sont convoqu\u00e9s ce lundi \u00e0 la Direction des investigations judiciaires de la Gendarmerie nationale.Pas de r\u00e9pit pour les anciens collaborateurs de l&rsquo;ex pr\u00e9sident guin\u00e9en, Alpha Cond\u00e9. Depuis le renversement de ce dernier le 5 septembre 2021, ils multiplient les allers-retours devant la justice. [&hellip;]<\/p>\n","protected":false},"author":1965,"featured_media":0,"comment_status":"closed","ping_status":"closed","sticky":false,"template":"","format":"standard","meta":{"fifu_image_url":"https:\/\/www.journalducameroun.com\/wp-content\/uploads\/2022\/04\/16490818832389.jpg","fifu_image_alt":"Guin\u00e9e : des barons du r\u00e9gime Cond\u00e9 face \u00e0 la justice","footnotes":""},"categories":[73,82],"tags":[],"class_list":["post-144731","post","type-post","status-publish","format-standard","hentry","category-actualite","category-cameroun"],"_links":{"self":[{"href":"https:\/\/linitiative.ca\/International\/wp-json\/wp\/v2\/posts\/144731","targetHints":{"allow":["GET"]}}],"collection":[{"href":"https:\/\/linitiative.ca\/International\/wp-json\/wp\/v2\/posts"}],"about":[{"href":"https:\/\/linitiative.ca\/International\/wp-json\/wp\/v2\/types\/post"}],"author":[{"embeddable":true,"href":"https:\/\/linitiative.ca\/International\/wp-json\/wp\/v2\/users\/1965"}],"replies":[{"embeddable":true,"href":"https:\/\/linitiative.ca\/International\/wp-json\/wp\/v2\/comments?post=144731"}],"version-history":[{"count":0,"href":"https:\/\/linitiative.ca\/International\/wp-json\/wp\/v2\/posts\/144731\/revisions"}],"wp:attachment":[{"href":"https:\/\/linitiative.ca\/International\/wp-json\/wp\/v2\/media?parent=144731"}],"wp:term":[{"taxonomy":"category","embeddable":true,"href":"https:\/\/linitiative.ca\/International\/wp-json\/wp\/v2\/categories?post=144731"},{"taxonomy":"post_tag","embeddable":true,"href":"https:\/\/linitiative.ca\/International\/wp-json\/wp\/v2\/tags?post=144731"}],"curies":[{"name":"wp","href":"https:\/\/api.w.org\/{rel}","templated":true}]}}