{"id":144735,"date":"2022-04-04T12:08:15","date_gmt":"2022-04-04T16:08:15","guid":{"rendered":"https:\/\/linitiative.ca\/International\/grammy-awards-angelique-kidjo-recoit-le-prix-pour-la-5e-fois\/"},"modified":"2022-04-04T12:08:15","modified_gmt":"2022-04-04T16:08:15","slug":"grammy-awards-angelique-kidjo-recoit-le-prix-pour-la-5e-fois","status":"publish","type":"post","link":"https:\/\/linitiative.ca\/International\/grammy-awards-angelique-kidjo-recoit-le-prix-pour-la-5e-fois\/","title":{"rendered":"Grammy Awards : Ang\u00e9lique Kidjo re\u00e7oit le prix pour la 5\u00e8 fois"},"content":{"rendered":"<div>\n<p><img decoding=\"async\" width=\"925\" height=\"540\" src=\"https:\/\/linitiative.ca\/International\/wp-content\/uploads\/sites\/23\/2022\/04\/angelique-kidjo-musique-chanteuse-benin.jpg\" class=\"attachment-post-thumbnail size-post-thumbnail wp-post-image\" alt=\"Grammy awards\" loading=\"lazy\" srcset=\"https:\/\/linitiative.ca\/International\/wp-content\/uploads\/sites\/23\/2022\/04\/angelique-kidjo-musique-chanteuse-benin.jpg 925w, https:\/\/www.journalducameroun.com\/wp-content\/uploads\/2022\/04\/angelique-kidjo-musique-chanteuse-benin-300x175.jpg 300w, https:\/\/www.journalducameroun.com\/wp-content\/uploads\/2022\/04\/angelique-kidjo-musique-chanteuse-benin-768x448.jpg 768w, https:\/\/www.journalducameroun.com\/wp-content\/uploads\/2022\/04\/angelique-kidjo-musique-chanteuse-benin-754x440.jpg 754w, https:\/\/www.journalducameroun.com\/wp-content\/uploads\/2022\/04\/angelique-kidjo-musique-chanteuse-benin-600x350.jpg 600w\" sizes=\"auto, (max-width: 925px) 100vw, 925px\"><\/p>\n<h2 style=\"text-align: justify;\">La chanteuse Franco-Beninoise a remport\u00e9 \u00e0 nouveau le troph\u00e9e le 03 avril dernier lors de la 64\u00e8me \u00e9dition des Grammy Awards aux \u00c9tats-Unis d&rsquo;Am\u00e9rique.<\/h2>\n<p style=\"text-align: justify;\">Elle est connue pour ses chansons engag\u00e9es, mais \u00e9galement ses actions humanitaires. <strong>Ang\u00e9lique Kidjo<\/strong>, ambassadrice de l&rsquo;UNICEF a pour la cinqui\u00e8me fois \u00e9t\u00e9 aur\u00e9ol\u00e9e aux <strong>Grammy Awards<\/strong>. Une r\u00e9compense pour son album <strong>&lsquo;Mother Nature&rsquo;<\/strong> qui est sorti le 18 juin 2021. La distinction a \u00e9t\u00e9 remise le 03 avril dernier.<\/p>\n<p style=\"text-align: justify;\">L&rsquo;\u00e9v\u00e9nement qui se d\u00e9roule \u00e0 Las Vegas aux \u00c9tat-Unis d&rsquo;Am\u00e9rique a r\u00e9compens\u00e9 la chanteuse dans la cat\u00e9gorie, <strong>Meilleur album de musique mondiale<\/strong>. Une r\u00e9compense qu&rsquo;elle obtient devant d&rsquo;autres artistes \u00e0 l&rsquo;instar du Nigerian Wizkid avec son album Legacy+, et le ghan\u00e9en Rocky Dawuni, Made in Lagos<\/p>\n<p style=\"text-align: justify;\">Elle se fait aussi appeler Mother nature en r\u00e9f\u00e9rence \u00e0 ses actions en faveur de la nature, sa pr\u00e9servation, ainsi que par son look tout aussi naturel. La B\u00e9ninoise est prim\u00e9e gr\u00e2ce \u00e0 son album musical qui magnifie et reconna\u00eet le r\u00f4le de la femme.<\/p>\n<p style=\"text-align: justify;\">Durant la c\u00e9r\u00e9monie, Ang\u00e9lique a tenu \u00e0 saluer les diff\u00e9rentes stars avec lesquelles elle a collabor\u00e9 dans son album. Quelques-uns sont Yemi Alade, Burna Boy, M. Eazi et Shungudzo. L&rsquo;artiste n&rsquo;a pas ignor\u00e9 ses nombreux fans, <em>\u00ab\u00a0la derni\u00e8re fois que j&rsquo;ai gagn\u00e9, j&rsquo;ai dit que les jeunes musiciens africains allaient conqu\u00e9rir le monde. Et \u00e0 tous les fans, amoureux de la musique, vous \u00eates toujours l\u00e0 quand nous avons besoin de vous. Quand vous \u00e9coutez, nous avan\u00e7ons. Nous sommes tous Africains.\u00a0\u00bb<\/em><\/p>\n<p style=\"text-align: justify;\">La chanteuse est n\u00e9e le 14 juillet 1960 \u00e0 Ouidah au B\u00e9nin. Tr\u00e8s t\u00f4t, elle est expos\u00e9e aux chansons des artistes comme Miriam Makeba, James Brown, Manu Dibango et Jimi Hendrix entre autres. Ce qui va forger son talent et l&rsquo;inspirer, si bien qu&rsquo;elle porte aujourd&rsquo;hui la voix culturelle d&rsquo;une Afrique fi\u00e8re.<\/p>\n<p style=\"text-align: justify;\">Outre la r\u00e9compense de Mother Nature, d&rsquo;autres Africains ont \u00e9galement re\u00e7u des distinctions. C&rsquo;est le cas par exemple du Sud-africain, <strong>Black Coffee<\/strong> qui a re\u00e7u le prix du meilleur album \u00e9lectronique de l&rsquo;ann\u00e9e.<\/p>\n<p>Cet article <a rel=\"nofollow\" href=\"https:\/\/www.journalducameroun.com\/grammy-awards-angelique-kidjo-recoit-le-prix-pour-la-5e-fois\/\">Grammy Awards : Ang\u00e9lique Kidjo re\u00e7oit le prix pour la 5\u00e8 fois<\/a> est apparu en premier sur <a rel=\"nofollow\" href=\"https:\/\/www.journalducameroun.com\/\">Journal du Cameroun<\/a>.<\/p>\n<\/div>\n<p>Auteur: Paul Wandji<br \/>\n<a href=\"https:\/\/www.journalducameroun.com\/grammy-awards-angelique-kidjo-recoit-le-prix-pour-la-5e-fois\/\">Cliquez ici pour lire l&rsquo;article depuis sa source.<\/a><\/p>\n","protected":false},"excerpt":{"rendered":"<p>La chanteuse Franco-Beninoise a remport\u00e9 \u00e0 nouveau le troph\u00e9e le 03 avril dernier lors de la 64\u00e8me \u00e9dition des Grammy Awards aux \u00c9tats-Unis d&rsquo;Am\u00e9rique. Elle est connue pour ses chansons engag\u00e9es, mais \u00e9galement ses actions humanitaires. Ang\u00e9lique Kidjo, ambassadrice de l&rsquo;UNICEF a pour la cinqui\u00e8me fois \u00e9t\u00e9 aur\u00e9ol\u00e9e aux Grammy Awards. Une r\u00e9compense pour son [&hellip;]<\/p>\n","protected":false},"author":1965,"featured_media":0,"comment_status":"closed","ping_status":"closed","sticky":false,"template":"","format":"standard","meta":{"fifu_image_url":"https:\/\/www.journalducameroun.com\/wp-content\/uploads\/2022\/04\/angelique-kidjo-musique-chanteuse-benin.jpg","fifu_image_alt":"Grammy Awards : Ang\u00e9lique Kidjo re\u00e7oit le prix pour la 5\u00e8 fois","footnotes":""},"categories":[73,82],"tags":[],"class_list":["post-144735","post","type-post","status-publish","format-standard","hentry","category-actualite","category-cameroun"],"_links":{"self":[{"href":"https:\/\/linitiative.ca\/International\/wp-json\/wp\/v2\/posts\/144735","targetHints":{"allow":["GET"]}}],"collection":[{"href":"https:\/\/linitiative.ca\/International\/wp-json\/wp\/v2\/posts"}],"about":[{"href":"https:\/\/linitiative.ca\/International\/wp-json\/wp\/v2\/types\/post"}],"author":[{"embeddable":true,"href":"https:\/\/linitiative.ca\/International\/wp-json\/wp\/v2\/users\/1965"}],"replies":[{"embeddable":true,"href":"https:\/\/linitiative.ca\/International\/wp-json\/wp\/v2\/comments?post=144735"}],"version-history":[{"count":0,"href":"https:\/\/linitiative.ca\/International\/wp-json\/wp\/v2\/posts\/144735\/revisions"}],"wp:attachment":[{"href":"https:\/\/linitiative.ca\/International\/wp-json\/wp\/v2\/media?parent=144735"}],"wp:term":[{"taxonomy":"category","embeddable":true,"href":"https:\/\/linitiative.ca\/International\/wp-json\/wp\/v2\/categories?post=144735"},{"taxonomy":"post_tag","embeddable":true,"href":"https:\/\/linitiative.ca\/International\/wp-json\/wp\/v2\/tags?post=144735"}],"curies":[{"name":"wp","href":"https:\/\/api.w.org\/{rel}","templated":true}]}}