{"id":144739,"date":"2022-04-04T12:58:48","date_gmt":"2022-04-04T16:58:48","guid":{"rendered":"https:\/\/linitiative.ca\/International\/cameroun-assemblee-nationale-le-ministre-manaouda-malachie-interpelle-sur-le-deficit-en-personnel-de-sante\/"},"modified":"2022-04-04T12:58:48","modified_gmt":"2022-04-04T16:58:48","slug":"cameroun-assemblee-nationale-le-ministre-manaouda-malachie-interpelle-sur-le-deficit-en-personnel-de-sante","status":"publish","type":"post","link":"https:\/\/linitiative.ca\/International\/cameroun-assemblee-nationale-le-ministre-manaouda-malachie-interpelle-sur-le-deficit-en-personnel-de-sante\/","title":{"rendered":"Cameroun-Assembl\u00e9e nationale : le ministre Manaouda Malachie interpell\u00e9 sur le d\u00e9ficit en personnel de sant\u00e9"},"content":{"rendered":"<div>\n<p><img decoding=\"async\" width=\"891\" height=\"720\" src=\"https:\/\/linitiative.ca\/International\/wp-content\/uploads\/sites\/23\/2022\/04\/Honorable-SALAMANA-AMIDOU-ALI-II.jpg\" class=\"attachment-post-thumbnail size-post-thumbnail wp-post-image\" alt=\"Les d\u00e9put\u00e9s demandent un recrutement sp\u00e9cial du personnel de sant\u00e9 \u00e0 Maroua\" loading=\"lazy\" srcset=\"https:\/\/linitiative.ca\/International\/wp-content\/uploads\/sites\/23\/2022\/04\/Honorable-SALAMANA-AMIDOU-ALI-II.jpg 891w, https:\/\/www.journalducameroun.com\/wp-content\/uploads\/2022\/04\/Honorable-SALAMANA-AMIDOU-ALI-II-300x242.jpg 300w, https:\/\/www.journalducameroun.com\/wp-content\/uploads\/2022\/04\/Honorable-SALAMANA-AMIDOU-ALI-II-768x621.jpg 768w, https:\/\/www.journalducameroun.com\/wp-content\/uploads\/2022\/04\/Honorable-SALAMANA-AMIDOU-ALI-II-545x440.jpg 545w, https:\/\/www.journalducameroun.com\/wp-content\/uploads\/2022\/04\/Honorable-SALAMANA-AMIDOU-ALI-II-600x485.jpg 600w\" sizes=\"auto, (max-width: 891px) 100vw, 891px\"><\/p>\n<h2 style=\"text-align: justify; padding-left: 40px;\">L\u2019honorable Salamana Amadou Ali II requiert un recrutement sp\u00e9cial du personnel de sant\u00e9 pour les formations sanitaires de la ville de Maroua.<\/h2>\n<p style=\"text-align: justify;\">Les membres de la Chambre basse du <strong>Parlement camerounais<\/strong> poursuivent le contr\u00f4le de l\u2019action gouvernementale \u00e0 l\u2019h\u00e9micycle provisoire du Palais des Congr\u00e8s de Yaound\u00e9. Ce lundi 04 avril 2022, au moins deux membres du <strong>gouvernement<\/strong> ont sacrifi\u00e9 \u00e0 ce rituel. Face \u00e0 la repr\u00e9sentation nationale, le ministre de la Sant\u00e9 publique Manaouda Malachie a r\u00e9pondu aux questions orales.<\/p>\n<p style=\"text-align: justify;\">A cet effet, le d\u00e9put\u00e9 du Front pour le salut national du Cameroun (<strong>Fsnc<\/strong>) <strong>Salamana Amadou Ali II<\/strong> a exprim\u00e9 sa pr\u00e9occupation relative \u00e0 la carence du personnel de sant\u00e9 dans l\u2019Extr\u00eame-Nord Cameroun.<\/p>\n<p style=\"text-align: justify;\">\u00ab\u00a0<em>Monsieur le ministre, l\u2019h\u00f4pital r\u00e9gional de Maroua r\u00e9nov\u00e9 et \u00e9quip\u00e9 ne dispose dans ses effectifs ni d\u2019un ophtalmologue, ni d\u2019un neurologue<\/em>. Tous les sp\u00e9cialistes affect\u00e9s par vos soins dans cette\u00a0 formation hospitali\u00e8re n\u2019y ont pas pris service, pr\u00e9textant qu\u2019il ferait tr\u00e8s chaud et qu\u2019il n\u2019y aurait que du mil \u00e0 manger\u00bb, a d\u00e9clar\u00e9 le vice-pr\u00e9sident de la Commission des finances et du budget de l\u2019Assembl\u00e9e nationale.<\/p>\n<p style=\"text-align: justify;\">Pour combler ce vide, le membre du Parlement originaire de la circonscription de <strong>Diamar\u00e9 Centre<\/strong> avance une solution. Il propose \u00ab\u00a0<em>un recrutement sp\u00e9cial de sages-femmes, infirmiers et\u00a0 m\u00e9decins originaires de la r\u00e9gion de l\u2019Extr\u00eame-Nord<\/em>\u00a0\u00bb. Une demande que le ministre Manaouda\u00a0 Malachie a promis d\u2019examiner avec le plus grand int\u00e9r\u00eat.<\/p>\n<p style=\"text-align: justify;\">Par ailleurs, l\u2019Assembl\u00e9e nationale a proc\u00e9d\u00e9 ce lundi 04 avril 2022 \u00e0 l\u2019adoption du <a href=\"https:\/\/www.journalducameroun.com\/cameroun-le-parlement-examine-un-projet-de-loi-sur-la-recherche-medicale-impliquant-la-personne-humaine\/\"><strong>projet de loi sur la recherche m\u00e9dicale impliquant la personne humaine<\/strong><\/a>. C\u2019\u00e9tait \u00e0 l\u2019occasion d\u2019une s\u00e9ance pl\u00e9ni\u00e8re conduite par le pr\u00e9sident de la Chambre Cavaye Yeguie Djibril. Ce projet de loi a \u00e9t\u00e9 d\u00e9fendu par le ministre de la Sant\u00e9 publique Manaouda Malachie accompagn\u00e9 du ministre d\u00e9l\u00e9gu\u00e9 \u00e0 la pr\u00e9sidence charg\u00e9 des Relations avec les Assembl\u00e9es, Fran\u00e7ois Bolvine Wakata.<\/p>\n<p>Cet article <a rel=\"nofollow\" href=\"https:\/\/www.journalducameroun.com\/cameroun-assemblee-nationale-le-ministre-manaouda-malachie-interpelle-sur-le-deficit-en-personnel-de-sante\/\">Cameroun-Assembl\u00e9e nationale : le ministre Manaouda Malachie interpell\u00e9 sur le d\u00e9ficit en personnel de sant\u00e9<\/a> est apparu en premier sur <a rel=\"nofollow\" href=\"https:\/\/www.journalducameroun.com\/\">Journal du Cameroun<\/a>.<\/p>\n<\/div>\n<p>Auteur: Arnaud MAWEL<br \/>\n<a href=\"https:\/\/www.journalducameroun.com\/cameroun-assemblee-nationale-le-ministre-manaouda-malachie-interpelle-sur-le-deficit-en-personnel-de-sante\/\">Cliquez ici pour lire l&rsquo;article depuis sa source.<\/a><\/p>\n","protected":false},"excerpt":{"rendered":"<p>L\u2019honorable Salamana Amadou Ali II requiert un recrutement sp\u00e9cial du personnel de sant\u00e9 pour les formations sanitaires de la ville de Maroua. Les membres de la Chambre basse du Parlement camerounais poursuivent le contr\u00f4le de l\u2019action gouvernementale \u00e0 l\u2019h\u00e9micycle provisoire du Palais des Congr\u00e8s de Yaound\u00e9. Ce lundi 04 avril 2022, au moins deux membres [&hellip;]<\/p>\n","protected":false},"author":1965,"featured_media":0,"comment_status":"closed","ping_status":"closed","sticky":false,"template":"","format":"standard","meta":{"fifu_image_url":"https:\/\/www.journalducameroun.com\/wp-content\/uploads\/2022\/04\/Honorable-SALAMANA-AMIDOU-ALI-II.jpg","fifu_image_alt":"Cameroun-Assembl\u00e9e nationale : le ministre Manaouda Malachie interpell\u00e9 sur le d\u00e9ficit en personnel de sant\u00e9","footnotes":""},"categories":[73,82],"tags":[],"class_list":["post-144739","post","type-post","status-publish","format-standard","hentry","category-actualite","category-cameroun"],"_links":{"self":[{"href":"https:\/\/linitiative.ca\/International\/wp-json\/wp\/v2\/posts\/144739","targetHints":{"allow":["GET"]}}],"collection":[{"href":"https:\/\/linitiative.ca\/International\/wp-json\/wp\/v2\/posts"}],"about":[{"href":"https:\/\/linitiative.ca\/International\/wp-json\/wp\/v2\/types\/post"}],"author":[{"embeddable":true,"href":"https:\/\/linitiative.ca\/International\/wp-json\/wp\/v2\/users\/1965"}],"replies":[{"embeddable":true,"href":"https:\/\/linitiative.ca\/International\/wp-json\/wp\/v2\/comments?post=144739"}],"version-history":[{"count":0,"href":"https:\/\/linitiative.ca\/International\/wp-json\/wp\/v2\/posts\/144739\/revisions"}],"wp:attachment":[{"href":"https:\/\/linitiative.ca\/International\/wp-json\/wp\/v2\/media?parent=144739"}],"wp:term":[{"taxonomy":"category","embeddable":true,"href":"https:\/\/linitiative.ca\/International\/wp-json\/wp\/v2\/categories?post=144739"},{"taxonomy":"post_tag","embeddable":true,"href":"https:\/\/linitiative.ca\/International\/wp-json\/wp\/v2\/tags?post=144739"}],"curies":[{"name":"wp","href":"https:\/\/api.w.org\/{rel}","templated":true}]}}