{"id":144743,"date":"2022-04-04T11:41:10","date_gmt":"2022-04-04T15:41:10","guid":{"rendered":"https:\/\/linitiative.ca\/International\/les-exportations-illegales-de-coton-vers-le-nigeria-font-perdre-pres-de-10-milliards-a-la-sodecoton\/"},"modified":"2022-04-04T11:41:10","modified_gmt":"2022-04-04T15:41:10","slug":"les-exportations-illegales-de-coton-vers-le-nigeria-font-perdre-pres-de-10-milliards-a-la-sodecoton","status":"publish","type":"post","link":"https:\/\/linitiative.ca\/International\/les-exportations-illegales-de-coton-vers-le-nigeria-font-perdre-pres-de-10-milliards-a-la-sodecoton\/","title":{"rendered":"Les exportations ill\u00e9gales de coton vers le Nigeria font perdre pr\u00e8s de 10 milliards \u00e0 la Sodecoton"},"content":{"rendered":"<div>\n<p>C\u2019est un v\u00e9ritable cauchemar. Ce, \u00e0 quelques semaines de la fin de la campagne en cours. Apr\u00e8s avoir financ\u00e9 les producteurs en intrants, et alors qu\u2019elle doit \u00eatre livr\u00e9e en exclusivit\u00e9, la Soci\u00e9t\u00e9 de d\u00e9veloppement du coton (Sodecoton), dirig\u00e9e par Mohamadou Bayero, voit les r\u00e9coltes convoy\u00e9es vers le Nigeria. Selon diff\u00e9rentes sources, \u00ab\u00a0au vu des quantit\u00e9s d\u00e9j\u00e0 collect\u00e9es dans les usines d\u2019\u00e9grenage et des projections faites par nos services techniques comp\u00e9tents, l\u2019entreprise pourrait perdre 10% des pr\u00e8s de 195\u00a0000 tonnes de coton graine pr\u00e9vues pour \u00eatre collect\u00e9es pour la campagne 2021\/2022 dans les zones o\u00f9 se pratiquent ces exportations ill\u00e9gales\u00a0\u00bb. Dans le d\u00e9tail, \u00ab\u00a0ce sont 11 400 tonnes pour la r\u00e9gion de l\u2019Extr\u00eame-Nord et 8 100 tonnes pour le Nord qui disparaissent ainsi\u00a0\u00bb. La cartographie de ces \u00ab\u00a0zones\u00a0\u00e0 risques\u00a0\u00bb montre que les producteurs de quelques localit\u00e9s des d\u00e9partements de la B\u00e9nou\u00e9 et du Mayo-Louti dans la r\u00e9gion du Nord et du Mayo-Sava, du Maya-Tsanaga et du Diamar\u00e9 \u00e0 l\u2019Extr\u00eame-nord excellent dans ces exportations ill\u00e9gales \u00e0 dos d\u2019\u00e2ne.<\/p>\n<p><strong>Riposte<\/strong><\/p>\n<p>\u00ab\u00a0Si rien n\u2019est fait dans l\u2019urgence, nous pourrons enregistrer des pertes de l\u2019ordre de 10 milliards de FCFA \u00e0 la fin de cette campagne dans ces zones\u00a0\u00bb, souffle, paniqu\u00e9e, une source interne \u00e0 la Sodecoton. La m\u00eame source affirme que \u00ab\u00a0ces pertes pourraient s\u2019alourdir si des mesures plus dissuasives ne sont pas prises \u00e0 temps \u00bb. Heureusement que le directeur g\u00e9n\u00e9ral (DG), Mohamadou Bayero, organise avec le soutien et sous la coordination des autorit\u00e9s administratives. La strat\u00e9gie consiste au renforcement des contr\u00f4les au niveau des fronti\u00e8res et la r\u00e9activation des comit\u00e9s de vigilance dans les villages. Ce fort d\u00e9ploiement n\u2019obtient pas encore les r\u00e9sultats escompt\u00e9s. En effet, dans sa parution du lundi 4 avril 2022, L\u2019\u0153il du Sahel r\u00e9v\u00e8le qu\u2019\u00ab \u00e0 date,\u00a0cette strat\u00e9gie n\u2019a saisi que 71 tonnes de coton graine en route vers le Nigeria. Ces faibles r\u00e9sultats traduisent l\u2019alliance contre-nature entre producteurs camerounais et trafiquants\u00a0\u00bb.<\/p>\n<p>Pour rappel, la Sodecoton, d\u00e9tenue \u00e0 59% par l\u2019\u00c9tat camerounais, 30% par le Fran\u00e7ais Geocoton\u00a0\u00a0et 11% par la Soci\u00e9t\u00e9 mobili\u00e8re d\u2019investissement du Cameroun (Smic) de l\u2019homme d\u2019affaires Baba Ahmadou Danpullo, est le bras s\u00e9culier de l\u2019Etat du Cameroun pour l\u2019encadrement de la production, l\u2019achat et la transformation du coton graine ainsi que la commercialisation de la fibre de coton produit essentiellement dans les r\u00e9gions septentrionales du Cameroun (Adamaoua, Nord et Extr\u00eame-nord).<\/p>\n<p><strong>Lire aussi : <a href=\"https:\/\/ecomatin.net\/la-sodecoton-table-sur-une-hausse-de-36-de-sa-production-en-2022\/\">La Sodecoton table sur une hausse de 3,6% de sa production en 2022<\/a><\/strong><\/p>\n<p>Les exportations ill\u00e9gales qui menacent les objectifs de 400\u00a0000 tonnes de production de cette ann\u00e9e font planer le spectre des campagnes de 2014 \u00e0 2017 lorsque l\u2019entreprise avait perdu pr\u00e8s de 36 milliards de FCFA du fait de l\u2019utilisation r\u00e9guli\u00e8re de ses ressources propres dans un environnement o\u00f9 presque tous les indicateurs \u00e9taient au rouge.<\/p>\n<p><strong>Lire aussi : <a href=\"https:\/\/ecomatin.net\/la-sodecoton-comble-un-manque-a-gagner-de-29-milliards-s-de-f-dans-son-budget-2021\/\">La Sodecoton comble un manque \u00e0 gagner de 29 milliards de F dans son budget 2021<\/a><\/strong><\/p>\n<p>Pourtant, depuis la campagne 2016-2017 au cours de laquelle elle avait produit 240\u00a0000 tonnes, soit 18 tonnes de moins que la campagne pr\u00e9c\u00e9dente, tous les voyants sont d\u00e9sormais au vert avec 254\u00a0000 tonnes en 2017-2018, mais surtout des productions au-del\u00e0 de 300\u00a0000 tonnes depuis trois campagnes. L\u00e9gitimement, elle aspirait \u00e0 produire 400\u00a0000 tonnes en 2022 et 600\u00a0000 tonnes en 2025. C\u2019est ce programme que veulent mettre \u00e0 mal des producteurs camerounais en intelligence avec des acheteurs v\u00e9reux nig\u00e9rians.<\/p>\n<p><strong>Lire aussi : <a href=\"https:\/\/ecomatin.net\/campagne-cotonniere-2020-2021-la-sodecoton-affiche-une-productionn-en-hausse-de-143\/\">Campagne cotonni\u00e8re 2020-2021 : la Sodecoton affiche une production en hausse de 14,3%<\/a><\/strong><\/p>\n<p>L\u2019article <a rel=\"nofollow\" href=\"https:\/\/ecomatin.net\/les-exportations-illegales-de-coton-vers-le-nigeria-font-perdre-pres-de-10-milliards-a-la-sodecoton\/\">Les exportations ill\u00e9gales de coton vers le Nigeria font perdre pr\u00e8s de 10 milliards \u00e0 la Sodecoton<\/a> est apparu en premier sur <a rel=\"nofollow\" href=\"https:\/\/ecomatin.net\/\">EcoMatin<\/a>.<\/p>\n<\/div>\n<p>Auteur: Bernard Bangda<br \/>\n<a href=\"https:\/\/ecomatin.net\/les-exportations-illegales-de-coton-vers-le-nigeria-font-perdre-pres-de-10-milliards-a-la-sodecoton\/\">Cliquez ici pour lire l&rsquo;article depuis sa source.<\/a><\/p>\n","protected":false},"excerpt":{"rendered":"<p>C\u2019est un v\u00e9ritable cauchemar. Ce, \u00e0 quelques semaines de la fin de la campagne en cours. Apr\u00e8s avoir financ\u00e9 les producteurs en intrants, et alors qu\u2019elle doit \u00eatre livr\u00e9e en exclusivit\u00e9, la Soci\u00e9t\u00e9 de d\u00e9veloppement du coton (Sodecoton), dirig\u00e9e par Mohamadou Bayero, voit les r\u00e9coltes convoy\u00e9es vers le Nigeria. Selon diff\u00e9rentes sources, \u00ab\u00a0au vu des [&hellip;]<\/p>\n","protected":false},"author":1969,"featured_media":0,"comment_status":"closed","ping_status":"closed","sticky":false,"template":"","format":"standard","meta":{"fifu_image_url":"","fifu_image_alt":"","footnotes":""},"categories":[82,78],"tags":[],"class_list":["post-144743","post","type-post","status-publish","format-standard","hentry","category-cameroun","category-economie"],"_links":{"self":[{"href":"https:\/\/linitiative.ca\/International\/wp-json\/wp\/v2\/posts\/144743","targetHints":{"allow":["GET"]}}],"collection":[{"href":"https:\/\/linitiative.ca\/International\/wp-json\/wp\/v2\/posts"}],"about":[{"href":"https:\/\/linitiative.ca\/International\/wp-json\/wp\/v2\/types\/post"}],"author":[{"embeddable":true,"href":"https:\/\/linitiative.ca\/International\/wp-json\/wp\/v2\/users\/1969"}],"replies":[{"embeddable":true,"href":"https:\/\/linitiative.ca\/International\/wp-json\/wp\/v2\/comments?post=144743"}],"version-history":[{"count":0,"href":"https:\/\/linitiative.ca\/International\/wp-json\/wp\/v2\/posts\/144743\/revisions"}],"wp:attachment":[{"href":"https:\/\/linitiative.ca\/International\/wp-json\/wp\/v2\/media?parent=144743"}],"wp:term":[{"taxonomy":"category","embeddable":true,"href":"https:\/\/linitiative.ca\/International\/wp-json\/wp\/v2\/categories?post=144743"},{"taxonomy":"post_tag","embeddable":true,"href":"https:\/\/linitiative.ca\/International\/wp-json\/wp\/v2\/tags?post=144743"}],"curies":[{"name":"wp","href":"https:\/\/api.w.org\/{rel}","templated":true}]}}