{"id":144744,"date":"2022-04-04T12:51:50","date_gmt":"2022-04-04T16:51:50","guid":{"rendered":"https:\/\/linitiative.ca\/International\/secteur-de-lelectricite-les-defis-qui-attendent-patrick-eecklers-le-nouveau-dg-deneo\/"},"modified":"2022-04-04T12:51:50","modified_gmt":"2022-04-04T16:51:50","slug":"secteur-de-lelectricite-les-defis-qui-attendent-patrick-eecklers-le-nouveau-dg-deneo","status":"publish","type":"post","link":"https:\/\/linitiative.ca\/International\/secteur-de-lelectricite-les-defis-qui-attendent-patrick-eecklers-le-nouveau-dg-deneo\/","title":{"rendered":"Secteur de l\u2019\u00e9lectricit\u00e9 : les d\u00e9fis qui attendent Patrick Eecklers, le nouveau DG d\u2019Eneo"},"content":{"rendered":"<div>\n<p>L\u2019\u00e9nerg\u00e9ticien camerounais Energy of Cameroon (Eneo) a un nouveau profil \u00e0 sa direction g\u00e9n\u00e9rale. Il s\u2019agit du Belge Patrick Eeckelers, d\u00e9sign\u00e9 \u00e0 cette fonction le mercredi 30 mars 2022, au cours d\u2019une r\u00e9union du conseil d\u2019administration de la soci\u00e9t\u00e9 \u00e0 Douala. Il remplace \u00e0 ce prestigieux poste le Fran\u00e7ais Eric Mansuy, dont le mandat \u00e0 la t\u00eate de l\u2019entreprise est arriv\u00e9 \u00e0 son terme, deux ans et demi apr\u00e8s sa d\u00e9signation en novembre 2019. Cet ing\u00e9nieur \u00e9lectrom\u00e9canicien dipl\u00f4m\u00e9 de l\u2019Universit\u00e9 de Louvain en Belgique, est cr\u00e9dit\u00e9 d\u2019un excellent parcours dans le secteur de l\u2019\u00e9nergie o\u00f9 il a pass\u00e9 plus de 30 ann\u00e9es de sa vie. Fort de sa riche exp\u00e9rience, il agissait, avant sa nomination, comme conseiller sp\u00e9cial depuis janvier 2022 aupr\u00e8s d\u2019Eneo Cameroon. D\u00e9sormais, il devra intervenir, \u00e0 un niveau plus important dans la prise de d\u00e9cisions pour la marche de cette entreprise dont la majorit\u00e9 des actions est d\u00e9tenue par le britannique Actis.<\/p>\n<p><strong>Lire aussi : <a href=\"https:\/\/ecomatin.net\/le-belge-patrick-eeckelers-est-le-nouveau-directeur-general-deneo2\/\" target=\"_blank\" rel=\"noreferrer noopener\">Le belge Patrick Eeckelers est le nouveau directeur g\u00e9n\u00e9ral d\u2019Eneo<\/a><\/strong><\/p>\n<p>Il h\u00e9rite d\u2019une structure vertement tanc\u00e9e et vue au premier plan par l\u2019opinion comme seule responsable (\u00e0 tort) du d\u00e9ficit \u00e9nerg\u00e9tique que connait le pays. Il lui incombera d\u2019\u0153uvrer \u00e0 polir l\u2019image de l\u2019entreprise, en conduisant efficacement les investissements entrepris par son pr\u00e9d\u00e9cesseur conform\u00e9ment au contrat de concession renouvel\u00e9 entre l\u2019Etat du Cameroun et Eneo sur la p\u00e9riode 2021-2031 ; de poursuivre la lutte contre la fraude \u00e9lectrique ; de contribuer \u00e0 l\u2019assainissement des finances du secteur, d\u2019\u0153uvrer pour la stabilit\u00e9 du r\u00e9seau de distribution ; d\u2019\u0153uvrer \u00e0 l\u2019accroissement du nombre d\u2019abonn\u00e9s ; d\u2019acc\u00e9l\u00e9rer la nouvelle formule d\u2019abonnement aux compteurs pr\u00e9pay\u00e9s ; de d\u00e9veloppement les solutions solaires de production de l\u2019\u00e9nergie \u00e9lectrique ; d\u2019intensifier le remplacement des poteaux bois par des poteaux en b\u00e9tons\u2026 Il s\u2019agit d\u2019autant de chantiers entrepris et men\u00e9s efficacement par le directeur g\u00e9n\u00e9ral sortant Eric Mansuy. Et Patrick Eeckelers a un costume taill\u00e9 \u00e0 la mesure de ces d\u00e9fis qu\u2019il saura relever, fort de sa riche et dense exp\u00e9rience dans le secteur de l\u2019\u00e9lectricit\u00e9.<\/p>\n<p><strong>Faits d\u2019armes<\/strong><\/p>\n<p>Le Belge n\u2019est donc pas un quidam. Parmi ses faits d\u2019armes, il a notamment travaill\u00e9 comme conseiller senior aupr\u00e8s de Asset Management Engie Gulf Region \u00e0 Duba\u00ef entre septembre et d\u00e9cembre 2020 ; il a \u00e9t\u00e9 Directeur g\u00e9n\u00e9ral de Fadhili Cogeneration Company en Arabie Saoudite entre mars 2017 et ao\u00fbt 2010. Au cours de ces deux exp\u00e9riences, il a notamment \u0153uvr\u00e9 comme responsable de la construction d\u2019une usine greenfield de 1,2 BUSD cl\u00e9 en main (contrat EPC), et a contribu\u00e9 \u00e0 maintenir le co\u00fbt du projet en dessous du budget gr\u00e2ce \u00e0 un suivi budg\u00e9taire mensuel strict et serr\u00e9 ; il a \u0153uvr\u00e9 pour la mise en \u0153uvre des politiques de sant\u00e9 et de s\u00e9curit\u00e9, qui ont permis d\u2019\u00e9viter tout accident avec arr\u00eat de travail pour un total de 20 millions d\u2019heures de travail (5 000 travailleurs).<\/p>\n<p><strong>Lire aussi : <a href=\"https:\/\/ecomatin.net\/marche-monetaire-le-cameroun-n-boucle-la-titrisation-n-dune-dette-de-157-milliards-due-a-eneo\/\" target=\"_blank\" rel=\"noreferrer noopener\">March\u00e9 mon\u00e9taire\u00a0: le Cameroun boucle la titrisation d\u2019une dette de 157 milliards due \u00e0 Eneo<\/a><\/strong><\/p>\n<p>Patrick Eeckelers a aussi offici\u00e9 comme directeur g\u00e9n\u00e9ral, puis directeur pays d\u2019Engie en Hongrie entre 2010 et 2017.\u00a0\u00a0Pendant son magist\u00e8re, il a g\u00e9rer un portefeuille de plusieurs secteurs d\u2019activit\u00e9 concentrant une centrale \u00e9lectrique de 1700MW, un portefeuille de vente au d\u00e9tail de 800 000 clients B2B et B2C, gestion de l\u2019\u00e9nergie, chauffage urbain, r\u00e9seau de gaz DSO (25 000 km d\u2019actifs). 1400 staff et ventes de 1 BUSD. Sa responsabilit\u00e9 a aussi consist\u00e9 \u00e0 la suite d\u2019une fusion, \u00e0 diriger un portefeuille de six lignes d\u2019affaires dans un march\u00e9 d\u00e9prim\u00e9.<\/p>\n<p><strong>Lire aussi : <a href=\"https:\/\/ecomatin.net\/le-gouvernement-plafonne-a-1-150-mw-la-production-delectricite-par-eneo\/\" target=\"_blank\" rel=\"noreferrer noopener\">Le gouvernement\u00a0plafonne\u00a0\u00e0 1\u00a0150 MW la production d\u2019\u00e9lectricit\u00e9 par Eneo<\/a><\/strong><\/p>\n<p>L\u2019article <a rel=\"nofollow\" href=\"https:\/\/ecomatin.net\/secteur-de-lelectricite-les-defis-qui-attendent-patrick-eecklers-le-nouveau-dg-deneo\/\">Secteur de l\u2019\u00e9lectricit\u00e9 : les d\u00e9fis qui attendent Patrick Eecklers, le nouveau DG d\u2019Eneo<\/a> est apparu en premier sur <a rel=\"nofollow\" href=\"https:\/\/ecomatin.net\/\">EcoMatin<\/a>.<\/p>\n<\/div>\n<p>Auteur: Yannick KENNE<br \/>\n<a href=\"https:\/\/ecomatin.net\/secteur-de-lelectricite-les-defis-qui-attendent-patrick-eecklers-le-nouveau-dg-deneo\/\">Cliquez ici pour lire l&rsquo;article depuis sa source.<\/a><\/p>\n","protected":false},"excerpt":{"rendered":"<p>L\u2019\u00e9nerg\u00e9ticien camerounais Energy of Cameroon (Eneo) a un nouveau profil \u00e0 sa direction g\u00e9n\u00e9rale. Il s\u2019agit du Belge Patrick Eeckelers, d\u00e9sign\u00e9 \u00e0 cette fonction le mercredi 30 mars 2022, au cours d\u2019une r\u00e9union du conseil d\u2019administration de la soci\u00e9t\u00e9 \u00e0 Douala. Il remplace \u00e0 ce prestigieux poste le Fran\u00e7ais Eric Mansuy, dont le mandat \u00e0 [&hellip;]<\/p>\n","protected":false},"author":1969,"featured_media":0,"comment_status":"closed","ping_status":"closed","sticky":false,"template":"","format":"standard","meta":{"fifu_image_url":"","fifu_image_alt":"","footnotes":""},"categories":[82,78],"tags":[],"class_list":["post-144744","post","type-post","status-publish","format-standard","hentry","category-cameroun","category-economie"],"_links":{"self":[{"href":"https:\/\/linitiative.ca\/International\/wp-json\/wp\/v2\/posts\/144744","targetHints":{"allow":["GET"]}}],"collection":[{"href":"https:\/\/linitiative.ca\/International\/wp-json\/wp\/v2\/posts"}],"about":[{"href":"https:\/\/linitiative.ca\/International\/wp-json\/wp\/v2\/types\/post"}],"author":[{"embeddable":true,"href":"https:\/\/linitiative.ca\/International\/wp-json\/wp\/v2\/users\/1969"}],"replies":[{"embeddable":true,"href":"https:\/\/linitiative.ca\/International\/wp-json\/wp\/v2\/comments?post=144744"}],"version-history":[{"count":0,"href":"https:\/\/linitiative.ca\/International\/wp-json\/wp\/v2\/posts\/144744\/revisions"}],"wp:attachment":[{"href":"https:\/\/linitiative.ca\/International\/wp-json\/wp\/v2\/media?parent=144744"}],"wp:term":[{"taxonomy":"category","embeddable":true,"href":"https:\/\/linitiative.ca\/International\/wp-json\/wp\/v2\/categories?post=144744"},{"taxonomy":"post_tag","embeddable":true,"href":"https:\/\/linitiative.ca\/International\/wp-json\/wp\/v2\/tags?post=144744"}],"curies":[{"name":"wp","href":"https:\/\/api.w.org\/{rel}","templated":true}]}}