{"id":144745,"date":"2022-04-04T12:57:52","date_gmt":"2022-04-04T16:57:52","guid":{"rendered":"https:\/\/linitiative.ca\/International\/electricite-quel-heritage-laisse-eric-mansuy-a-eneo\/"},"modified":"2022-04-04T12:57:52","modified_gmt":"2022-04-04T16:57:52","slug":"electricite-quel-heritage-laisse-eric-mansuy-a-eneo","status":"publish","type":"post","link":"https:\/\/linitiative.ca\/International\/electricite-quel-heritage-laisse-eric-mansuy-a-eneo\/","title":{"rendered":"Electricit\u00e9 : quel h\u00e9ritage laisse Eric Mansuy \u00e0 Eneo?"},"content":{"rendered":"<div>\n<p>Le Fran\u00e7ais Eric Mansuy avait \u00e9t\u00e9 nomm\u00e9 directeur g\u00e9n\u00e9ral de l\u2019entreprise Energy of Cameroon (Eneo) le 28 novembre 2019. Il a pass\u00e9 presque trois ans \u00e0 ce poste, et a \u0153uvr\u00e9 au d\u00e9veloppement de cette entreprise. Il a notamment engag\u00e9 divers chantiers qui ont consid\u00e9rablement contribu\u00e9 \u00e0 am\u00e9liorer le service \u00e9lectrique dans le pays. L\u2019une des initiatives qu\u2019il a entreprise et dont les fruits sont d\u00e9j\u00e0 perceptibles concerne l\u2019assainissement des finances du secteur de l\u2019\u00e9lectricit\u00e9. Le recouvrement des cr\u00e9ances d\u2019Eneo aupr\u00e8s de l\u2019Etat et de ses prestataires, a conditionn\u00e9 une augmentation des investissements dans le secteur de l\u2019\u00e9lectricit\u00e9, et d\u00e8s son arriv\u00e9e, Eric Mansuy en a fait un cheval de bataille. Il a r\u00e9ussi \u00e0 obtenir des pouvoirs publics le d\u00e9but du r\u00e8glement des dettes crois\u00e9es qui plombaient la viabilit\u00e9 des entreprises du secteur. L\u2019Etat a r\u00e9gl\u00e9 une partie importante de sa dette colossale et de celle de plusieurs entreprises publiques vis-\u00e0-vis d\u2019Eneo Cameroon et partant du secteur. D\u2019o\u00f9 les injections de 45 milliards en 2020 et 182 milliards en cours depuis fin 2021.<\/p>\n<p><strong>Lire aussi : <a href=\"https:\/\/ecomatin.net\/le-belge-patrick-eeckelers-est-le-nouveau-directeur-general-deneo2\/\" target=\"_blank\" rel=\"noreferrer noopener\">Le belge Patrick Eeckelers est le nouveau directeur g\u00e9n\u00e9ral d\u2019Eneo<\/a><\/strong><\/p>\n<p>Il a aussi \u0153uvr\u00e9 \u00e0 intensifier la lutte contre la fraude \u00e9lectrique, permettant ainsi de redonner confiance aux investisseurs du secteur de l\u2019\u00e9lectricit\u00e9. Les progr\u00e8s engendr\u00e9s par cette lutte sont traduits dans la progression de plus de 5 points du rendement de distribution d\u2019Eneo pass\u00e9 de 67 \u00e0 72% entre 2019 et 2021. En 2020, Eneo r\u00e9v\u00e9lait que les pertes de tr\u00e9sorerie sur l\u2019ensemble du syst\u00e8me \u00e9lectrique dues \u00e0 ce fl\u00e9au repr\u00e9sentaient plus de 60 milliards de FCFA par an. Cette enveloppe repr\u00e9sentait alors plus du budget d\u2019investissement d\u2019Eneo pour 2020 qui \u00e9tait de 45,7 milliards de FCFA.<\/p>\n<p><strong>Investissements<\/strong><\/p>\n<p>Eric Mansuy s\u2019est aussi illustr\u00e9 sur le terrain des investissements, et sous son magist\u00e8re en 2021, Eneo a investi 52 milliards de FCFA pour l\u2019am\u00e9lioration du r\u00e9seau de distribution, le renforcement de son outil de production et la modernisation de ses installations commerciales. Cette enveloppe repr\u00e9sentait alors deux fois plus que la moyenne annuelle du montant mis par l\u2019entreprise les ann\u00e9es pr\u00e9c\u00e9dentes. A c\u00f4t\u00e9 de cela, une enveloppe de 100 milliards de FCFA a \u00e9t\u00e9 lev\u00e9e en fin 2020 aupr\u00e8s de huit banques locales, en vue d\u2019acc\u00e9l\u00e9rer les investissements. Aussi, il a relanc\u00e9 les n\u00e9gociations avec la Banque mondiale pour le financement du reste du programme d\u2019investissement d\u2019Eneo sur la p\u00e9riode 2021- 2031.<\/p>\n<p><strong>Lire aussi : <a href=\"https:\/\/ecomatin.net\/secteur-de-lelectricite-les-defis-qui-attendent-patrick-eecklers-le-nouveau-dg-deneo\/\">Secteur de l\u2019\u00e9lectricit\u00e9 : les d\u00e9fis qui attendent Patrick Eecklers, le nouveau DG d\u2019Eneo<\/a><\/strong><\/p>\n<p>Le directeur g\u00e9n\u00e9ral d\u2019Eneo sortant a aussi contribu\u00e9 \u00e0 stabiliser le r\u00e9seau de distribution, et les perturbations de fourniture connues par le pays sont relativement limit\u00e9es et faible en\u00a0\u00a0comparaison \u00e0 la contribution des autres segments. Ce gr\u00e2ce \u00e0 l\u2019acc\u00e9l\u00e9ration par Eneo en 2020 et 2021 de son programme d\u2019investissement destin\u00e9 \u00e0 am\u00e9liorer la stabilit\u00e9 de son r\u00e9seau. Ce sont plus de 90 000 poteaux install\u00e9s (dont une bonne partie en b\u00e9ton) en 2020\/2021, des centaines de kilom\u00e8tres de lignes construites, des centaines de postes de distribution r\u00e9habilit\u00e9s, le plan de mise \u00e0 jour des r\u00e9seaux lanc\u00e9s. Cette stabilit\u00e9 connait une forte progression. Si entre janvier et octobre 2021, la fr\u00e9quence et la dur\u00e9e des interruptions dues aux incidents sur le r\u00e9seau de distribution ont connu une baisse de 18%, en fin janvier 2022, on note une baisse autour de 40% en comparaison avec la situation en fin janvier 2021. C\u2019est une tendance qui se confirme depuis le d\u00e9but du mois de f\u00e9vrier 2022. Sous le magist\u00e8re de Mansuy, l\u2019on enregistre \u00e9galement un accroissement du nombre de clients actifs, \u00e9tabli \u00e0 1,7 millions d\u2019abonn\u00e9s \u00e0 fin 2021 ; il a acc\u00e9l\u00e9r\u00e9 l\u2019introduction du pr\u00e9paiement dans les m\u00e9nages et 350 000 m\u00e9nages impl\u00e9mentent ce nouveau syst\u00e8me\u2026<\/p>\n<p><strong>Lire aussi : <a href=\"https:\/\/ecomatin.net\/marche-monetaire-le-cameroun-n-boucle-la-titrisation-n-dune-dette-de-157-milliards-due-a-eneo\/\" target=\"_blank\" rel=\"noreferrer noopener\">March\u00e9 mon\u00e9taire\u00a0: le Cameroun boucle la titrisation d\u2019une dette de 157 milliards due \u00e0 Eneo<\/a><\/strong><\/p>\n<p>L\u2019article <a rel=\"nofollow\" href=\"https:\/\/ecomatin.net\/electricite-quel-l-heritage-laisse-eric-mansuy-a-eneo\/\">Electricit\u00e9 : quel h\u00e9ritage laisse Eric Mansuy \u00e0 Eneo?<\/a> est apparu en premier sur <a rel=\"nofollow\" href=\"https:\/\/ecomatin.net\/\">EcoMatin<\/a>.<\/p>\n<\/div>\n<p>Auteur: Yannick KENNE<br \/>\n<a href=\"https:\/\/ecomatin.net\/electricite-quel-l-heritage-laisse-eric-mansuy-a-eneo\/\">Cliquez ici pour lire l&rsquo;article depuis sa source.<\/a><\/p>\n","protected":false},"excerpt":{"rendered":"<p>Le Fran\u00e7ais Eric Mansuy avait \u00e9t\u00e9 nomm\u00e9 directeur g\u00e9n\u00e9ral de l\u2019entreprise Energy of Cameroon (Eneo) le 28 novembre 2019. Il a pass\u00e9 presque trois ans \u00e0 ce poste, et a \u0153uvr\u00e9 au d\u00e9veloppement de cette entreprise. Il a notamment engag\u00e9 divers chantiers qui ont consid\u00e9rablement contribu\u00e9 \u00e0 am\u00e9liorer le service \u00e9lectrique dans le pays. L\u2019une [&hellip;]<\/p>\n","protected":false},"author":1969,"featured_media":0,"comment_status":"closed","ping_status":"closed","sticky":false,"template":"","format":"standard","meta":{"fifu_image_url":"","fifu_image_alt":"","footnotes":""},"categories":[82,78],"tags":[],"class_list":["post-144745","post","type-post","status-publish","format-standard","hentry","category-cameroun","category-economie"],"_links":{"self":[{"href":"https:\/\/linitiative.ca\/International\/wp-json\/wp\/v2\/posts\/144745","targetHints":{"allow":["GET"]}}],"collection":[{"href":"https:\/\/linitiative.ca\/International\/wp-json\/wp\/v2\/posts"}],"about":[{"href":"https:\/\/linitiative.ca\/International\/wp-json\/wp\/v2\/types\/post"}],"author":[{"embeddable":true,"href":"https:\/\/linitiative.ca\/International\/wp-json\/wp\/v2\/users\/1969"}],"replies":[{"embeddable":true,"href":"https:\/\/linitiative.ca\/International\/wp-json\/wp\/v2\/comments?post=144745"}],"version-history":[{"count":0,"href":"https:\/\/linitiative.ca\/International\/wp-json\/wp\/v2\/posts\/144745\/revisions"}],"wp:attachment":[{"href":"https:\/\/linitiative.ca\/International\/wp-json\/wp\/v2\/media?parent=144745"}],"wp:term":[{"taxonomy":"category","embeddable":true,"href":"https:\/\/linitiative.ca\/International\/wp-json\/wp\/v2\/categories?post=144745"},{"taxonomy":"post_tag","embeddable":true,"href":"https:\/\/linitiative.ca\/International\/wp-json\/wp\/v2\/tags?post=144745"}],"curies":[{"name":"wp","href":"https:\/\/api.w.org\/{rel}","templated":true}]}}