{"id":144746,"date":"2022-04-05T08:15:24","date_gmt":"2022-04-05T12:15:24","guid":{"rendered":"https:\/\/linitiative.ca\/International\/sur-invitation-du-souverain-pedro-sanchez-en-visite-au-royaume-ce-jeudi\/"},"modified":"2022-04-05T08:15:24","modified_gmt":"2022-04-05T12:15:24","slug":"sur-invitation-du-souverain-pedro-sanchez-en-visite-au-royaume-ce-jeudi","status":"publish","type":"post","link":"https:\/\/linitiative.ca\/International\/sur-invitation-du-souverain-pedro-sanchez-en-visite-au-royaume-ce-jeudi\/","title":{"rendered":"Sur invitation du Souverain, Pedro Sanchez en visite au Royaume ce jeudi"},"content":{"rendered":"<div>\n<p><img loading=\"lazy\" decoding=\"async\" width=\"300\" height=\"153\" src=\"https:\/\/linitiative.ca\/International\/wp-content\/uploads\/sites\/23\/2022\/04\/Sm-le-Roi-Mohammed-VI-et-sanchez-pedro-300x153-1.jpg\" class=\"attachment-medium size-medium wp-post-image\" alt=\"\" srcset=\"https:\/\/linitiative.ca\/International\/wp-content\/uploads\/sites\/23\/2022\/04\/Sm-le-Roi-Mohammed-VI-et-sanchez-pedro-300x153-1.jpg 300w, https:\/\/aujourdhui.ma\/wp-content\/uploads\/2022\/03\/Sm-le-Roi-Mohammed-VI-et-sanchez-pedro-274x140.jpg 274w, https:\/\/aujourdhui.ma\/wp-content\/uploads\/2022\/03\/Sm-le-Roi-Mohammed-VI-et-sanchez-pedro.jpg 746w, https:\/\/aujourdhui.ma\/wp-content\/uploads\/2022\/03\/Sm-le-Roi-Mohammed-VI-et-sanchez-pedro-165x84.jpg 165w, https:\/\/aujourdhui.ma\/wp-content\/uploads\/2022\/03\/Sm-le-Roi-Mohammed-VI-et-sanchez-pedro-702x358.jpg 702w\" sizes=\"auto, (max-width: 300px) 100vw, 300px\"><\/p>\n<p><span style=\"color: #800000;\"><strong>Une nouvelle page d\u00e9marre dans les relations maroco-espagnoles.<\/strong><\/span><span id=\"more-404367\"><\/span><\/p>\n<p>Un communiqu\u00e9 du Minist\u00e8re de la Maison Royale, du Protocole et de la Chancellerie annonce en effet, une visite du num\u00e9ro un de l\u2019ex\u00e9cutif espagnol jeudi au Maroc. \u00ab\u00a0Le Minist\u00e8re de la Maison Royale, du Protocole et de la Chancellerie annonce que sur invitation de SM le Roi Mohammed VI, S.E.M Pedro Sanchez, Pr\u00e9sident du Gouvernement espagnol, effectuera une visite au Royaume du Maroc, jeudi 05 Ramadan 1443 de l\u2019H\u00e9gire correspondant au 07 avril 2022. A cette occasion, SM le Roi aura des entretiens officiels avec son Excellence le Pr\u00e9sident du Gouvernement espagnol. SM le Roi offrira \u00e9galement un Iftar en l\u2019honneur de l\u2019illustre h\u00f4te du Souverain\u00bb, annonce le communiqu\u00e9.<\/p>\n<p>\u00a0<\/p>\n<\/div>\n<p>Auteur: ALM<br \/>\n<a href=\"https:\/\/aujourdhui.ma\/politique\/sur-invitation-du-souverain-pedro-sanchez-en-visite-au-royaume-ce-jeudi\">Cliquez ici pour lire l&rsquo;article depuis sa source.<\/a><\/p>\n","protected":false},"excerpt":{"rendered":"<p>Une nouvelle page d\u00e9marre dans les relations maroco-espagnoles. Un communiqu\u00e9 du Minist\u00e8re de la Maison Royale, du Protocole et de la Chancellerie annonce en effet, une visite du num\u00e9ro un de l\u2019ex\u00e9cutif espagnol jeudi au Maroc. \u00ab\u00a0Le Minist\u00e8re de la Maison Royale, du Protocole et de la Chancellerie annonce que sur invitation de SM le [&hellip;]<\/p>\n","protected":false},"author":1759,"featured_media":0,"comment_status":"closed","ping_status":"closed","sticky":false,"template":"","format":"standard","meta":{"fifu_image_url":"https:\/\/aujourdhui.ma\/wp-content\/uploads\/2022\/03\/Sm-le-Roi-Mohammed-VI-et-sanchez-pedro-300x153.jpg","fifu_image_alt":"Sur invitation du Souverain, Pedro Sanchez en visite au Royaume ce jeudi","footnotes":""},"categories":[73,54],"tags":[],"class_list":["post-144746","post","type-post","status-publish","format-standard","hentry","category-actualite","category-maroc"],"_links":{"self":[{"href":"https:\/\/linitiative.ca\/International\/wp-json\/wp\/v2\/posts\/144746","targetHints":{"allow":["GET"]}}],"collection":[{"href":"https:\/\/linitiative.ca\/International\/wp-json\/wp\/v2\/posts"}],"about":[{"href":"https:\/\/linitiative.ca\/International\/wp-json\/wp\/v2\/types\/post"}],"author":[{"embeddable":true,"href":"https:\/\/linitiative.ca\/International\/wp-json\/wp\/v2\/users\/1759"}],"replies":[{"embeddable":true,"href":"https:\/\/linitiative.ca\/International\/wp-json\/wp\/v2\/comments?post=144746"}],"version-history":[{"count":0,"href":"https:\/\/linitiative.ca\/International\/wp-json\/wp\/v2\/posts\/144746\/revisions"}],"wp:attachment":[{"href":"https:\/\/linitiative.ca\/International\/wp-json\/wp\/v2\/media?parent=144746"}],"wp:term":[{"taxonomy":"category","embeddable":true,"href":"https:\/\/linitiative.ca\/International\/wp-json\/wp\/v2\/categories?post=144746"},{"taxonomy":"post_tag","embeddable":true,"href":"https:\/\/linitiative.ca\/International\/wp-json\/wp\/v2\/tags?post=144746"}],"curies":[{"name":"wp","href":"https:\/\/api.w.org\/{rel}","templated":true}]}}