{"id":144750,"date":"2022-04-05T10:35:59","date_gmt":"2022-04-05T14:35:59","guid":{"rendered":"https:\/\/linitiative.ca\/International\/ldc-dafrique-1-4-finale-le-wydad-et-le-raja-contre-le-cr-belouizdad-et-al-ahly-degypte\/"},"modified":"2022-04-05T10:35:59","modified_gmt":"2022-04-05T14:35:59","slug":"ldc-dafrique-1-4-finale-le-wydad-et-le-raja-contre-le-cr-belouizdad-et-al-ahly-degypte","status":"publish","type":"post","link":"https:\/\/linitiative.ca\/International\/ldc-dafrique-1-4-finale-le-wydad-et-le-raja-contre-le-cr-belouizdad-et-al-ahly-degypte\/","title":{"rendered":"LDC d\u2019Afrique (1\/4 finale): le Wydad et le Raja contre le CR Belouizdad et Al-Ahly d\u2019Egypte"},"content":{"rendered":"<div>\n<p><img loading=\"lazy\" decoding=\"async\" width=\"300\" height=\"153\" src=\"https:\/\/linitiative.ca\/International\/wp-content\/uploads\/sites\/23\/2022\/04\/caf-300x153-1.jpg\" class=\"attachment-medium size-medium wp-post-image\" alt=\"\" srcset=\"https:\/\/linitiative.ca\/International\/wp-content\/uploads\/sites\/23\/2022\/04\/caf-300x153-1.jpg 300w, https:\/\/aujourdhui.ma\/wp-content\/uploads\/2020\/07\/caf--274x140.jpg 274w, https:\/\/aujourdhui.ma\/wp-content\/uploads\/2020\/07\/caf-.jpg 746w, https:\/\/aujourdhui.ma\/wp-content\/uploads\/2020\/07\/caf--165x84.jpg 165w, https:\/\/aujourdhui.ma\/wp-content\/uploads\/2020\/07\/caf--702x358.jpg 702w\" sizes=\"auto, (max-width: 300px) 100vw, 300px\"><\/p>\n<p><span style=\"font-size: 20px; color: #800000;\"><strong>Le Wydad Athletic Club de Casablanca croisera les Alg\u00e9riens du CR Belouizdad pour une place en demi-finale de la Ligue des Champions d\u2019Afrique de football, selon le tirage au sort effectu\u00e9 mardi au si\u00e8ge de la Conf\u00e9d\u00e9ration africaine de football (CAF) au Caire.<\/strong><\/span><span id=\"more-404370\"><\/span><\/p>\n<p>Le Raja de Casablanca jouera sa place pour les demi-finales de la Ligue des Champions d\u2019Afrique face \u00e0 Al-Ahly d\u2019Egypte.<\/p>\n<\/div>\n<p>Auteur: ALM<br \/>\n<a href=\"https:\/\/aujourdhui.ma\/une\/ldc-dafrique-1-4-finale-le-wydad-et-le-raja-contre-le-cr-belouizdad-et-al-ahly-degypte\">Cliquez ici pour lire l&rsquo;article depuis sa source.<\/a><\/p>\n","protected":false},"excerpt":{"rendered":"<p>Le Wydad Athletic Club de Casablanca croisera les Alg\u00e9riens du CR Belouizdad pour une place en demi-finale de la Ligue des Champions d\u2019Afrique de football, selon le tirage au sort effectu\u00e9 mardi au si\u00e8ge de la Conf\u00e9d\u00e9ration africaine de football (CAF) au Caire. Le Raja de Casablanca jouera sa place pour les demi-finales de la [&hellip;]<\/p>\n","protected":false},"author":1759,"featured_media":0,"comment_status":"closed","ping_status":"closed","sticky":false,"template":"","format":"standard","meta":{"fifu_image_url":"https:\/\/aujourdhui.ma\/wp-content\/uploads\/2020\/07\/caf--300x153.jpg","fifu_image_alt":"LDC d\u2019Afrique (1\/4 finale): le Wydad et le Raja contre le CR Belouizdad et Al-Ahly d\u2019Egypte","footnotes":""},"categories":[73,54],"tags":[],"class_list":["post-144750","post","type-post","status-publish","format-standard","hentry","category-actualite","category-maroc"],"_links":{"self":[{"href":"https:\/\/linitiative.ca\/International\/wp-json\/wp\/v2\/posts\/144750","targetHints":{"allow":["GET"]}}],"collection":[{"href":"https:\/\/linitiative.ca\/International\/wp-json\/wp\/v2\/posts"}],"about":[{"href":"https:\/\/linitiative.ca\/International\/wp-json\/wp\/v2\/types\/post"}],"author":[{"embeddable":true,"href":"https:\/\/linitiative.ca\/International\/wp-json\/wp\/v2\/users\/1759"}],"replies":[{"embeddable":true,"href":"https:\/\/linitiative.ca\/International\/wp-json\/wp\/v2\/comments?post=144750"}],"version-history":[{"count":0,"href":"https:\/\/linitiative.ca\/International\/wp-json\/wp\/v2\/posts\/144750\/revisions"}],"wp:attachment":[{"href":"https:\/\/linitiative.ca\/International\/wp-json\/wp\/v2\/media?parent=144750"}],"wp:term":[{"taxonomy":"category","embeddable":true,"href":"https:\/\/linitiative.ca\/International\/wp-json\/wp\/v2\/categories?post=144750"},{"taxonomy":"post_tag","embeddable":true,"href":"https:\/\/linitiative.ca\/International\/wp-json\/wp\/v2\/tags?post=144750"}],"curies":[{"name":"wp","href":"https:\/\/api.w.org\/{rel}","templated":true}]}}