{"id":144757,"date":"2022-04-05T11:27:59","date_gmt":"2022-04-05T15:27:59","guid":{"rendered":"https:\/\/linitiative.ca\/International\/zemmita-chantee-par-yassine-habibi\/"},"modified":"2022-04-05T11:27:59","modified_gmt":"2022-04-05T15:27:59","slug":"zemmita-chantee-par-yassine-habibi","status":"publish","type":"post","link":"https:\/\/linitiative.ca\/International\/zemmita-chantee-par-yassine-habibi\/","title":{"rendered":"\u00abZemmita\u00bb chant\u00e9e par Yassine Habibi"},"content":{"rendered":"<div>\n<p><img loading=\"lazy\" decoding=\"async\" width=\"300\" height=\"153\" src=\"https:\/\/linitiative.ca\/International\/wp-content\/uploads\/sites\/23\/2022\/04\/Zemmita-chantee-par-Yassine-Habibi-300x153-1.png\" class=\"attachment-medium size-medium wp-post-image\" alt=\"\" srcset=\"https:\/\/linitiative.ca\/International\/wp-content\/uploads\/sites\/23\/2022\/04\/Zemmita-chantee-par-Yassine-Habibi-300x153-1.png 300w, https:\/\/aujourdhui.ma\/wp-content\/uploads\/2022\/04\/Zemmita-chantee-par-Yassine-Habibi-274x140.png 274w, https:\/\/aujourdhui.ma\/wp-content\/uploads\/2022\/04\/Zemmita-chantee-par-Yassine-Habibi-746x380.png 746w, https:\/\/aujourdhui.ma\/wp-content\/uploads\/2022\/04\/Zemmita-chantee-par-Yassine-Habibi-165x84.png 165w, https:\/\/aujourdhui.ma\/wp-content\/uploads\/2022\/04\/Zemmita-chantee-par-Yassine-Habibi-702x358.png 702w, https:\/\/aujourdhui.ma\/wp-content\/uploads\/2022\/04\/Zemmita-chantee-par-Yassine-Habibi.png 745w\" sizes=\"auto, (max-width: 300px) 100vw, 300px\"><\/p>\n<p><span style=\"color: #800000;\"><strong>Il s\u2019agit d\u2019une pr\u00e9paration marocaine consomm\u00e9e pendant le Ramadan<\/strong><\/span><span id=\"more-404320\"><\/span><\/p>\n<p>La pr\u00e9paration marocaine appel\u00e9e \u00abZemmita\u00bb, consomm\u00e9e notamment pendant le Ramadan dans certaines r\u00e9gions comme Rabat, Mekn\u00e8s et F\u00e8s, vient d\u2019\u00eatre chant\u00e9e par le jeune chanteur marocain Yassine Habibi. L\u2019artiste, qui en fait l\u2019annonce sur sa page officielle Facebook, pr\u00e9cise que \u00abce single, qui fait partie du patrimoine a\u00efssaoui, est lanc\u00e9 dans un nouvel arrangement\u00bb.<br \/>\nOutre ce chanteur, qui indique \u00e9galement interpr\u00e9ter cette \u0153uvre dans un style diff\u00e9rent, d\u2019autres ont, \u00e0 leur tour, lanc\u00e9 \u00abZemmita\u00bb \u00e0 leur mani\u00e8re. C\u2019est le cas entre autres de Sa\u00efd Berrada et A\u00efcha Doukkali.<\/p>\n<p>Avant ce tube, Yassine Habibi, originaire de la cit\u00e9 isma\u00e9lite, a au compteur d\u2019autres morceaux. C\u2019est le cas de \u00abLamra Lmaghibiya\u00bb (La femme marocaine) qu\u2019il a sorti \u00e0 l\u2019occasion du 8 mars, \u00abSoubhana man khalaka El kawn\u00bb (Que le cr\u00e9ateur soit lou\u00e9), des mawals (po\u00e8mes chant\u00e9s) \u00abJourhou Kalbi mina Lhawa Laisa yabra\u00bb (Mon c\u0153ur ne gu\u00e9rit jamais), \u00abWallahi matal\u00e2at chamsoun walagharabat\u00bb (Je jure que le soleil ne s\u2019est ni lev\u00e9 ni couch\u00e9) et \u00abZidni Bifarti El Houbbi Tahayoura\u00bb (L\u2019amour me donne plus de dilemme), ainsi que du single \u00abAllah Yehmik Ya Bladi\u00bb (Que Dieu te prot\u00e8ge mon pays). Il a \u00e9galement particip\u00e9 r\u00e9cemment \u00e0 une soir\u00e9e t\u00e9l\u00e9vis\u00e9e organis\u00e9e sur la cha\u00eene Al Aoula \u00e0 l\u2019occasion de la f\u00eate du Mawlid Annabaoui.<\/p>\n<p>Il y a interpr\u00e9t\u00e9 \u00abYa Saheb El Hadra Welkebba El Khadar\u00bb (Ah celui qui a de la pr\u00e9sence et r\u00e9side sous la coupole verte) avec le groupe Rouh (Esprit de) Mekn\u00e8s, \u00abSallou Alih\u00bb (B\u00e9nissez-le) et \u00abKhayr El Barya\u00bb (Le meilleur) en duo avec l\u2019artiste Ali El Medydy. Mieux encore, Yassine \u00e9tait membre du jury de la 13\u00e8me comp\u00e9tition \u00abMounchid\u00bb de Sharjah lors de son escale au Maroc pour les pr\u00e9s\u00e9lections en fin 2021.<\/p>\n<p>Aussi, cet artiste veille \u00e0 la pr\u00e9paration artistique d\u2019\u00e9missions comme \u00abAnfass Meknassia\u00bb (Des \u00e2mes de Mekn\u00e8s), d\u00e9di\u00e9e au Madih et Sama\u00e2. Comme il se produit avec d\u2019autres artistes lors de soir\u00e9es religieuses diffus\u00e9es sur la m\u00eame cha\u00eene. Sur 2M, il a particip\u00e9 \u00e0 l\u2019\u00e9mission \u00abChada El Alhan\u00bb. De m\u00eame, il a \u00e9t\u00e9 invit\u00e9 \u00e0 d\u2019autres cha\u00eenes \u00e9trang\u00e8res comme MBC. Il s\u2019est m\u00eame produit le temps de concerts dans d\u2019autres pays comme la Belgique.<\/p>\n<p>D\u00e9j\u00e0, en septembre dernier, il s\u2019est exprim\u00e9 sur ses projets d\u2019\u0153uvres arrang\u00e9es et compos\u00e9es par ses soins. \u00abZemmita\u00bb en fait partie. D\u2019autres seront certainement lanc\u00e9s pour s\u2019ajouter au r\u00e9pertoire de cet artiste qui fraie son chemin doucement mais s\u00fbrement.<\/p>\n<p>\u00a0<\/p>\n<\/div>\n<p>Auteur: Salima Guisser<br \/>\n<a href=\"https:\/\/aujourdhui.ma\/culture\/zemmita-chantee-par-yassine-habibi\">Cliquez ici pour lire l&rsquo;article depuis sa source.<\/a><\/p>\n","protected":false},"excerpt":{"rendered":"<p>Il s\u2019agit d\u2019une pr\u00e9paration marocaine consomm\u00e9e pendant le Ramadan La pr\u00e9paration marocaine appel\u00e9e \u00abZemmita\u00bb, consomm\u00e9e notamment pendant le Ramadan dans certaines r\u00e9gions comme Rabat, Mekn\u00e8s et F\u00e8s, vient d\u2019\u00eatre chant\u00e9e par le jeune chanteur marocain Yassine Habibi. L\u2019artiste, qui en fait l\u2019annonce sur sa page officielle Facebook, pr\u00e9cise que \u00abce single, qui fait partie du [&hellip;]<\/p>\n","protected":false},"author":1759,"featured_media":0,"comment_status":"closed","ping_status":"closed","sticky":false,"template":"","format":"standard","meta":{"fifu_image_url":"https:\/\/aujourdhui.ma\/wp-content\/uploads\/2022\/04\/Zemmita-chantee-par-Yassine-Habibi-300x153.png","fifu_image_alt":"\u00abZemmita\u00bb chant\u00e9e par Yassine Habibi","footnotes":""},"categories":[73,54],"tags":[],"class_list":["post-144757","post","type-post","status-publish","format-standard","hentry","category-actualite","category-maroc"],"_links":{"self":[{"href":"https:\/\/linitiative.ca\/International\/wp-json\/wp\/v2\/posts\/144757","targetHints":{"allow":["GET"]}}],"collection":[{"href":"https:\/\/linitiative.ca\/International\/wp-json\/wp\/v2\/posts"}],"about":[{"href":"https:\/\/linitiative.ca\/International\/wp-json\/wp\/v2\/types\/post"}],"author":[{"embeddable":true,"href":"https:\/\/linitiative.ca\/International\/wp-json\/wp\/v2\/users\/1759"}],"replies":[{"embeddable":true,"href":"https:\/\/linitiative.ca\/International\/wp-json\/wp\/v2\/comments?post=144757"}],"version-history":[{"count":0,"href":"https:\/\/linitiative.ca\/International\/wp-json\/wp\/v2\/posts\/144757\/revisions"}],"wp:attachment":[{"href":"https:\/\/linitiative.ca\/International\/wp-json\/wp\/v2\/media?parent=144757"}],"wp:term":[{"taxonomy":"category","embeddable":true,"href":"https:\/\/linitiative.ca\/International\/wp-json\/wp\/v2\/categories?post=144757"},{"taxonomy":"post_tag","embeddable":true,"href":"https:\/\/linitiative.ca\/International\/wp-json\/wp\/v2\/tags?post=144757"}],"curies":[{"name":"wp","href":"https:\/\/api.w.org\/{rel}","templated":true}]}}