{"id":144759,"date":"2022-04-04T14:00:00","date_gmt":"2022-04-04T18:00:00","guid":{"rendered":"https:\/\/linitiative.ca\/International\/8-individus-poursuivis-pour-falsification-de-factures-medicales\/"},"modified":"2022-04-04T14:00:00","modified_gmt":"2022-04-04T18:00:00","slug":"8-individus-poursuivis-pour-falsification-de-factures-medicales","status":"publish","type":"post","link":"https:\/\/linitiative.ca\/International\/8-individus-poursuivis-pour-falsification-de-factures-medicales\/","title":{"rendered":"8 individus poursuivis pour falsification de factures m\u00e9dicales"},"content":{"rendered":"<div>\n<p class=\"has-text-align-center has-vivid-red-color has-text-color\"><strong>Fait divers<\/strong><\/p>\n<p class=\"has-text-align-left has-black-color has-text-color\"><strong>La Brigade nationale de la police judiciaire a d\u00e9f\u00e9r\u00e9, samedi devant le parquet comp\u00e9tent pr\u00e8s la Cour d\u2019appel de Casablanca, 8 individus, dont une femme et le propri\u00e9taire d\u2019une clinique priv\u00e9e, pour leur implication pr\u00e9sum\u00e9e dans une affaire d\u2019escroquerie et de faux et usage de faux en lien avec des factures de soins m\u00e9dicaux.<br \/>Dans un communiqu\u00e9, la Direction g\u00e9n\u00e9rale de la s\u00fbret\u00e9 nationale (DGSN) indique que l\u2019enqu\u00eate a r\u00e9v\u00e9l\u00e9 l\u2019implication des mis en cause dans la constitution d\u2019une bande criminelle visant \u00e0 collecter des sommes d\u2019argent aupr\u00e8s de bienfaiteurs sous couvert de s\u2019acquitter des frais d\u2019hospitalisation de patients d\u00e9munis, soign\u00e9s dans la clinique o\u00f9 exercent la majorit\u00e9 des suspects qui gonflaient frauduleusement les factures afin de soutirer d\u2019importantes sommes d\u2019argent.<\/strong><\/p>\n<p class=\"has-text-align-left has-black-color has-text-color\">Les recherches et investigations intensives men\u00e9es par les services de la S\u00fbret\u00e9 nationale ont permis l\u2019interpellation de la principale pr\u00e9venue, qui nouait contact avec les suppos\u00e9s patients et les prenaient en photos sous pr\u00e9texte de leur venir en aide, avant de se servir de ces photos pour amasser d\u2019importants dons, justifi\u00e9s moyennant des factures falsifi\u00e9es et de faux rapports et bilans m\u00e9dicaux, en complicit\u00e9 avec ses acolytes, ajoute la m\u00eame source.<br \/>Les 8 suspects ont \u00e9t\u00e9 soumis \u00e0 l\u2019enqu\u00eate judiciaire men\u00e9e sous la supervision du parquet comp\u00e9tent avant d\u2019\u00eatre pr\u00e9sent\u00e9s devant la justice, poursuit le communiqu\u00e9, pr\u00e9cisant qu\u2019il a \u00e9t\u00e9 d\u00e9cid\u00e9 de poursuivre cinq d\u2019entre eux en d\u00e9tention et les autres en \u00e9tat de libert\u00e9.<\/p>\n<p>L\u2019article <a rel=\"nofollow\" href=\"http:\/\/albayane.press.ma\/8-individus-poursuivis-pour-falsification-de-factures-medicales.html\">8 individus poursuivis pour falsification de factures m\u00e9dicales<\/a> est apparu en premier sur <a rel=\"nofollow\" href=\"http:\/\/albayane.press.ma\/\">ALBAYANE<\/a>.<\/p>\n<\/div>\n<p>Auteur: M&rsquo;hammed rahal<br \/>\n<a href=\"http:\/\/albayane.press.ma\/8-individus-poursuivis-pour-falsification-de-factures-medicales.html\">Cliquez ici pour lire l&rsquo;article depuis sa source.<\/a><\/p>\n","protected":false},"excerpt":{"rendered":"<p>Fait divers La Brigade nationale de la police judiciaire a d\u00e9f\u00e9r\u00e9, samedi devant le parquet comp\u00e9tent pr\u00e8s la Cour d\u2019appel de Casablanca, 8 individus, dont une femme et le propri\u00e9taire d\u2019une clinique priv\u00e9e, pour leur implication pr\u00e9sum\u00e9e dans une affaire d\u2019escroquerie et de faux et usage de faux en lien avec des factures de soins [&hellip;]<\/p>\n","protected":false},"author":1760,"featured_media":0,"comment_status":"closed","ping_status":"closed","sticky":false,"template":"","format":"standard","meta":{"fifu_image_url":"","fifu_image_alt":"","footnotes":""},"categories":[73,54],"tags":[],"class_list":["post-144759","post","type-post","status-publish","format-standard","hentry","category-actualite","category-maroc"],"_links":{"self":[{"href":"https:\/\/linitiative.ca\/International\/wp-json\/wp\/v2\/posts\/144759","targetHints":{"allow":["GET"]}}],"collection":[{"href":"https:\/\/linitiative.ca\/International\/wp-json\/wp\/v2\/posts"}],"about":[{"href":"https:\/\/linitiative.ca\/International\/wp-json\/wp\/v2\/types\/post"}],"author":[{"embeddable":true,"href":"https:\/\/linitiative.ca\/International\/wp-json\/wp\/v2\/users\/1760"}],"replies":[{"embeddable":true,"href":"https:\/\/linitiative.ca\/International\/wp-json\/wp\/v2\/comments?post=144759"}],"version-history":[{"count":0,"href":"https:\/\/linitiative.ca\/International\/wp-json\/wp\/v2\/posts\/144759\/revisions"}],"wp:attachment":[{"href":"https:\/\/linitiative.ca\/International\/wp-json\/wp\/v2\/media?parent=144759"}],"wp:term":[{"taxonomy":"category","embeddable":true,"href":"https:\/\/linitiative.ca\/International\/wp-json\/wp\/v2\/categories?post=144759"},{"taxonomy":"post_tag","embeddable":true,"href":"https:\/\/linitiative.ca\/International\/wp-json\/wp\/v2\/tags?post=144759"}],"curies":[{"name":"wp","href":"https:\/\/api.w.org\/{rel}","templated":true}]}}