{"id":144760,"date":"2022-04-04T14:00:00","date_gmt":"2022-04-04T18:00:00","guid":{"rendered":"https:\/\/linitiative.ca\/International\/benabdallah-en-2026-nos-candidats-doivent-etre-conscients-quils-combattront-aussi-et-surtout-largent-politique\/"},"modified":"2022-04-04T14:00:00","modified_gmt":"2022-04-04T18:00:00","slug":"benabdallah-en-2026-nos-candidats-doivent-etre-conscients-quils-combattront-aussi-et-surtout-largent-politique","status":"publish","type":"post","link":"https:\/\/linitiative.ca\/International\/benabdallah-en-2026-nos-candidats-doivent-etre-conscients-quils-combattront-aussi-et-surtout-largent-politique\/","title":{"rendered":"Benabdallah : \u00ab en 2026, nos candidats doivent \u00eatre conscients qu\u2019ils combattront aussi et surtout l\u2019argent politique \u00bb"},"content":{"rendered":"<div>\n<p class=\"has-text-align-center has-vivid-cyan-blue-color has-text-color\"><strong>\u00a0Meeting de la section provinciale du PPS de M\u2019diq et Fnideq<\/strong><\/p>\n<p class=\"has-text-align-right\"><strong>Karim Ben Amar<\/strong><\/p>\n<p class=\"has-black-color has-text-color\"><strong>La section provinciale du Parti du progr\u00e8s et du socialisme (PPS) de M\u2019diq et Fnideq, a organis\u00e9 jeudi 31 avril une r\u00e9union partisane dans le centre culturel de Martil. Pr\u00e9sid\u00e9 par le secr\u00e9taire g\u00e9n\u00e9ral du Parti, Mohamed Nabil Benabdallah, de nombreux sujets ont \u00e9t\u00e9 abord\u00e9s au cours de cette rencontre.<\/strong><\/p>\n<p class=\"has-black-color has-text-color\">La salle de conf\u00e9rence du centre culturel de Martil affichait complet le jeudi 31 mars. Le rassemblement pr\u00e9sid\u00e9 par le secr\u00e9taire g\u00e9n\u00e9ral du Parti, Mohamed Nabil Benabdallah a r\u00e9uni de nombreux camarades des provinces du nord du royaume. Lors de cet \u00e9v\u00e8nement, le leader du Parti \u00e9tait accompagn\u00e9 par les membres du bureau politique, Karim Tej et Mustapha Addichane, ainsi que par la d\u00e9put\u00e9e de la r\u00e9gion Tanger-T\u00e9touan-Al Hoceima, Nouha Al Moussaoui.<\/p>\n<p class=\"has-black-color has-text-color\">Cette rencontre a regroup\u00e9 plus d\u2019une centaine de militantes et militants venus des quatre coins de la r\u00e9gion pour assister \u00e0 cet \u00e9v\u00e9nement partisan. \u00c9lus de la r\u00e9gion et cadre du Parti ont fait le d\u00e9placement dans la joie et la bonne humeur. Que ce soit les camarades de Tanger, de T\u00e9touan o\u00f9 de Chefchaouen, tous avaient le m\u00eame objectif\u00a0: faire r\u00e9ussir la rencontre partisane et honorer la visite du camarade secr\u00e9taire g\u00e9n\u00e9ral.<\/p>\n<p class=\"has-black-color has-text-color\">Lors de son intervention, Mohamed Nabil Benabdallah a salu\u00e9 la dynamique du Parti dans la r\u00e9gion de Tanger-Tetouan-Al Hoceima. \u00ab\u00a0La pr\u00e9sence des camarades venus de plusieurs provinces de la r\u00e9gion prouve qu\u2019il y a une v\u00e9ritable dynamique. Apr\u00e8s le mois sacr\u00e9 de Ramadan, nous irons visiter les camarades de Tanger et de Chefchaouen\u00a0\u00bb, a-t-il affirm\u00e9.<\/p>\n<p class=\"has-black-color has-text-color\">En r\u00e9ponse \u00e0 une question du public sur l\u2019argent politique, v\u00e9ritable fl\u00e9au pour notre d\u00e9mocratie, le secr\u00e9taire g\u00e9n\u00e9ral du Parti a rappel\u00e9 que \u00ab ces mauvaises pratiques sont une plaie pour le champ politique de notre pays. Dans certaines provinces, certains candidats d\u00e9pensent des sommes astronomiques pour gagner ou pr\u00e9server un si\u00e8ge. Cette culture de l\u2019argent politique n\u2019est pas salutaire mais il ne faut pas se m\u00e9prendre, les chances sont vraiment infimes pour que cette habitude qui a la peau dure disparaissent du jour au lendemain. Que ce soit en 2026 ou en 2027, les candidats PPS doivent \u00eatre conscients qu\u2019ils combattront aussi et surtout l\u2019argent politique\u00a0\u00bb, a-t-il soulign\u00e9.<\/p>\n<p class=\"has-black-color has-text-color\">\u00ab Le Parti du progr\u00e8s et du socialisme (PPS) est constitu\u00e9 de militants par excellence. Notre famille politique ne compte pas parmi elle les grosses fortunes. Bien au contraire, le PPS est le Parti du peuple et chaque militant est \u00e0 \u00e9galit\u00e9 de chance. C\u2019est pour cette raison que nous devons nous d\u00e9fendre avec les moyens que nous avons, et aussi gr\u00e2ce\u00a0\u00e0 la cr\u00e9dibilit\u00e9 du Parti, et cela dans les quatre coins du royaume\u00a0\u00bb, a-t-il proclam\u00e9.<\/p>\n<p class=\"has-black-color has-text-color\">Apr\u00e8s un discours mobilisateur du secr\u00e9taire g\u00e9n\u00e9ral du Parti, Mohamed Nabil Benabdallah, un d\u00e9bat tr\u00e8s constructif a \u00e9merg\u00e9 de cette r\u00e9union. La situation \u00e9conomique et sociale du pays a \u00e9t\u00e9 \u00e9voqu\u00e9e au m\u00eame titre que celle des provinces de la r\u00e9gion.\u00a0 \u00c0 ce sujet, Mohamed Nabil Benabdallah a d\u00e9clar\u00e9 que le gouvernement en place est \u00e0 des ann\u00e9es lumi\u00e8res des discours et promesses de campagne. \u00ab\u00a0Ce gouvernement est principalement constitu\u00e9 de technocrates. L\u2019\u00e9quipe gouvernementale est donc en dehors des clous de la r\u00e9alit\u00e9 de notre pays et du quotidien des marocaines et marocains. Il y a un v\u00e9ritable foss\u00e9 entre l\u2019action du gouvernement et les attentes des marocains\u00a0\u00bb.<\/p>\n<p class=\"has-black-color has-text-color\">\u00a0Par ailleurs, le 11<sup>\u00e8me<\/sup> Congr\u00e8s du Parti qui se tiendra au cours de l\u2019ann\u00e9e 2022 a aussi \u00e9t\u00e9 \u00e9voqu\u00e9. A ce sujet, un r\u00e9el enthousiasme s\u2019est fait ressentir de la part des militantes et militants du Parti de la r\u00e9gion.<\/p>\n<p class=\"has-black-color has-text-color\">Au cours de cette rencontre partisane, le secr\u00e9taire provincial du Parti (M\u2019diq-Fnideq), le camarade Hicham Bou\u00e2nane a \u00e9galement pris la parole au m\u00eame titre que la camarade Ahlam Jellad, secr\u00e9taire de la section locale de Martil.<\/p>\n<p class=\"has-black-color has-text-color\">Cette r\u00e9union partisane a \u00e9galement \u00e9t\u00e9 l\u2019occasion de rencontrer les camarades des diverses provinces de la r\u00e9gion. A l\u2019unisson, et avec enthousiasme, les militants se sont donn\u00e9s RDV juste apr\u00e8s le mois sacr\u00e9 du Ramadan pour commencer \u00e0 pr\u00e9parer le 11\u00e9me Congr\u00e8s du Parti, avec pour objectif de s\u2019y pr\u00e9senter comme un seul Homme et faire r\u00e9ussir cet \u00e9v\u00e9nement d\u00e9mocratique tant attendu par les militantes et militants de Tanger \u00e0 Lagouira.<\/p>\n<p>L\u2019article <a rel=\"nofollow\" href=\"http:\/\/albayane.press.ma\/benabdallah-en-2026-nos-candidats-doivent-etre-conscients-quils-combattront-aussi-et-surtout-largent-politique.html\">Benabdallah : \u00ab en 2026, nos candidats doivent \u00eatre conscients qu\u2019ils combattront aussi et surtout l\u2019argent politique \u00bb<\/a> est apparu en premier sur <a rel=\"nofollow\" href=\"http:\/\/albayane.press.ma\/\">ALBAYANE<\/a>.<\/p>\n<\/div>\n<p>Auteur: M&rsquo;hammed rahal<br \/>\n<a href=\"http:\/\/albayane.press.ma\/benabdallah-en-2026-nos-candidats-doivent-etre-conscients-quils-combattront-aussi-et-surtout-largent-politique.html\">Cliquez ici pour lire l&rsquo;article depuis sa source.<\/a><\/p>\n","protected":false},"excerpt":{"rendered":"<p>\u00a0Meeting de la section provinciale du PPS de M\u2019diq et Fnideq Karim Ben Amar La section provinciale du Parti du progr\u00e8s et du socialisme (PPS) de M\u2019diq et Fnideq, a organis\u00e9 jeudi 31 avril une r\u00e9union partisane dans le centre culturel de Martil. Pr\u00e9sid\u00e9 par le secr\u00e9taire g\u00e9n\u00e9ral du Parti, Mohamed Nabil Benabdallah, de nombreux [&hellip;]<\/p>\n","protected":false},"author":1760,"featured_media":0,"comment_status":"closed","ping_status":"closed","sticky":false,"template":"","format":"standard","meta":{"fifu_image_url":"","fifu_image_alt":"","footnotes":""},"categories":[73,54],"tags":[],"class_list":["post-144760","post","type-post","status-publish","format-standard","hentry","category-actualite","category-maroc"],"_links":{"self":[{"href":"https:\/\/linitiative.ca\/International\/wp-json\/wp\/v2\/posts\/144760","targetHints":{"allow":["GET"]}}],"collection":[{"href":"https:\/\/linitiative.ca\/International\/wp-json\/wp\/v2\/posts"}],"about":[{"href":"https:\/\/linitiative.ca\/International\/wp-json\/wp\/v2\/types\/post"}],"author":[{"embeddable":true,"href":"https:\/\/linitiative.ca\/International\/wp-json\/wp\/v2\/users\/1760"}],"replies":[{"embeddable":true,"href":"https:\/\/linitiative.ca\/International\/wp-json\/wp\/v2\/comments?post=144760"}],"version-history":[{"count":0,"href":"https:\/\/linitiative.ca\/International\/wp-json\/wp\/v2\/posts\/144760\/revisions"}],"wp:attachment":[{"href":"https:\/\/linitiative.ca\/International\/wp-json\/wp\/v2\/media?parent=144760"}],"wp:term":[{"taxonomy":"category","embeddable":true,"href":"https:\/\/linitiative.ca\/International\/wp-json\/wp\/v2\/categories?post=144760"},{"taxonomy":"post_tag","embeddable":true,"href":"https:\/\/linitiative.ca\/International\/wp-json\/wp\/v2\/tags?post=144760"}],"curies":[{"name":"wp","href":"https:\/\/api.w.org\/{rel}","templated":true}]}}