{"id":144762,"date":"2022-04-04T14:00:00","date_gmt":"2022-04-04T18:00:00","guid":{"rendered":"https:\/\/linitiative.ca\/International\/lespagne-sassagit\/"},"modified":"2022-04-04T14:00:00","modified_gmt":"2022-04-04T18:00:00","slug":"lespagne-sassagit","status":"publish","type":"post","link":"https:\/\/linitiative.ca\/International\/lespagne-sassagit\/","title":{"rendered":"L\u2019Espagne s\u2019assagit !"},"content":{"rendered":"<div>\n<p class=\"has-black-color has-text-color\"><strong>La tendance haussi\u00e8re des rapports hispano-marocains prend une tournure mirobolante, \u00e0 mesure que les voisins frontaliers s\u2019envoient des r\u00e9ciprocit\u00e9s en mati\u00e8re de promesses et \u00a0\u00a0d\u2019engagements. Il serait dupe de croire que ce prompt revirement s\u2019est fortuitement op\u00e9r\u00e9, sans changement de contexte ni apparition de nouveaux param\u00e8tres. Ajouter \u00e0 ces facteurs aussi objectifs que complexes, il conviendrait de reconna\u00eetre que, depuis un moment, on ne saurait passer sous silence, la m\u00e9tamorphose de la diplomatie marocaine, caract\u00e9ris\u00e9e par une rigueur et une intransigeance hors pair en vue d\u2019instaurer des rapports \u00e9quilibr\u00e9s vis-\u00e0-vis de ses partenaires de l\u2019Union Europ\u00e9enne, en particulier. Dans le m\u00eame ordre d\u2019id\u00e9es, il est loisible de faire cas de son savoir-faire, devant le traitement souvent insidieux de la part de ses associ\u00e9s, empreints de d\u00e9dain \u00e0 son \u00e9gard. D\u2019autre part, il serait humble d\u2019avouer que la vitalit\u00e9 de la diplomatie nationale n\u2019a pris cet \u00e9lan incitatif qu\u2019apr\u00e8s s\u2019\u00eatre confort\u00e9e par les positions de ses alli\u00e9s strat\u00e9giques, au soutien desquels la question du Sahara, n\u2019est plus le maillon faible de sa politique ext\u00e9rieure. Il est fort probable que l\u2019option du Maroc, relative \u00e0 l\u2019autonomie des provinces r\u00e9cup\u00e9r\u00e9es, sous sa souverainet\u00e9, adopt\u00e9e \u00e0 bras-le-corps, par l\u2019instance onusienne et quasiment la totalit\u00e9 de la communaut\u00e9 mondiale, gagne beaucoup de terrain vers son parach\u00e8vement d\u00e9finitif. Il n\u2019en demeure pas moins \u00e9vident que toutes ces donnes d\u00e9clench\u00e9es par le ralliement des \u00c9tats-Unis au c\u00f4t\u00e9 de l\u2019int\u00e9grit\u00e9 territoriale du pays, ont forc\u00e9 la confirmation de sa justesse et favoris\u00e9 le renoncement \u00e0 sa d\u00e9n\u00e9gation au sein des nations dont les \u00abinimiti\u00e9s\u00bb r\u00e9centes r\u00e9sonnent encore dans les airs. Aujourd\u2019hui, l\u2019Espagne, tout comme, il y a quelques temps, l\u2019Allemagne et m\u00eame la France dans l\u2019affaire P\u00e9gasus, reprise de mani\u00e8re virulente \u00e0 notre d\u00e9triment par les m\u00e9dias tricolores, semblent se \u00abprosterner\u00bb en stature blasph\u00e9matoire, \u00e0 l\u2019\u00e9gard de notre v\u00e9rit\u00e9 cristalline comme l\u2019eau de roche. Il va sans dire que le royaume qui leur paraissait, peut-\u00eatre trop \u00ab\u00a0inoffensif\u00a0\u00bb\u00a0 et, de ce fait, ais\u00e9ment \u00ababordable\u00bb s\u2019est \u00e9rig\u00e9 en force \u00e2pre et incontournable dans l\u2019\u00e9quation r\u00e9gionale, par la sagesse et la fermet\u00e9 de sa ligne de conduite, pr\u00f4n\u00e9e par son Monarque et savamment relay\u00e9e par sa diplomatie. Comment des Nations aussi puissantes comme l\u2019Allemagne, l\u2019Espagne ou la France se sont-elles \u00ababdiqu\u00e9es\u00bb, aussi froidement face \u00e0 ce petit \u00abpoucet\u00bb de la M\u00e9diterran\u00e9e, si ce n\u2019est la pr\u00e9\u00e9minence de ses valeurs s\u00e9culaires qui n\u2019ont jamais cess\u00e9 de l\u2019habiter\u00a0? Et c\u2019est tant mieux si les USA se d\u00e9cident actuellement \u00e0 s\u2019y joindre, tout en sachant qu\u2019ils le font aussi pour leurs propres int\u00e9r\u00eats puisqu\u2019ils ne sont pas sans savoir que la position g\u00e9ostrat\u00e9gique du pays de par son dynamisme et ses ressources sous maritimes, ne fait que tenter d\u2019autres puissances telles que la Chine et la Russie avec lesquelles le Maroc entretient des relations privil\u00e9gi\u00e9es. Enfin, il est bien clair que le royaume tient beaucoup \u00e0 son autonomie comme il compte \u00e9galement sur celle de son Sahara, tout en se gardant de mener subtilement un jeu de puzzle avec tous les pays de la plan\u00e8te, conform\u00e9ment aux exigences et vell\u00e9it\u00e9s de l\u2019ordre mondial\u00a0! \u00a0\u00a0\u00a0\u00a0\u00a0\u00a0\u00a0\u00a0\u00a0\u00a0\u00a0\u00a0\u00a0\u00a0\u00a0\u00a0\u00a0\u00a0\u00a0\u00a0\u00a0\u00a0\u00a0\u00a0\u00a0\u00a0\u00a0\u00a0\u00a0\u00a0\u00a0\u00a0\u00a0\u00a0\u00a0\u00a0\u00a0\u00a0\u00a0\u00a0<\/strong><\/p>\n<p>L\u2019article <a rel=\"nofollow\" href=\"http:\/\/albayane.press.ma\/lespagne-sassagit.html\">L\u2019Espagne s\u2019assagit !<\/a> est apparu en premier sur <a rel=\"nofollow\" href=\"http:\/\/albayane.press.ma\/\">ALBAYANE<\/a>.<\/p>\n<\/div>\n<p>Auteur: M&rsquo;hammed rahal<br \/>\n<a href=\"http:\/\/albayane.press.ma\/lespagne-sassagit.html\">Cliquez ici pour lire l&rsquo;article depuis sa source.<\/a><\/p>\n","protected":false},"excerpt":{"rendered":"<p>La tendance haussi\u00e8re des rapports hispano-marocains prend une tournure mirobolante, \u00e0 mesure que les voisins frontaliers s\u2019envoient des r\u00e9ciprocit\u00e9s en mati\u00e8re de promesses et \u00a0\u00a0d\u2019engagements. Il serait dupe de croire que ce prompt revirement s\u2019est fortuitement op\u00e9r\u00e9, sans changement de contexte ni apparition de nouveaux param\u00e8tres. Ajouter \u00e0 ces facteurs aussi objectifs que complexes, il [&hellip;]<\/p>\n","protected":false},"author":1760,"featured_media":0,"comment_status":"closed","ping_status":"closed","sticky":false,"template":"","format":"standard","meta":{"fifu_image_url":"","fifu_image_alt":"","footnotes":""},"categories":[73,54],"tags":[],"class_list":["post-144762","post","type-post","status-publish","format-standard","hentry","category-actualite","category-maroc"],"_links":{"self":[{"href":"https:\/\/linitiative.ca\/International\/wp-json\/wp\/v2\/posts\/144762","targetHints":{"allow":["GET"]}}],"collection":[{"href":"https:\/\/linitiative.ca\/International\/wp-json\/wp\/v2\/posts"}],"about":[{"href":"https:\/\/linitiative.ca\/International\/wp-json\/wp\/v2\/types\/post"}],"author":[{"embeddable":true,"href":"https:\/\/linitiative.ca\/International\/wp-json\/wp\/v2\/users\/1760"}],"replies":[{"embeddable":true,"href":"https:\/\/linitiative.ca\/International\/wp-json\/wp\/v2\/comments?post=144762"}],"version-history":[{"count":0,"href":"https:\/\/linitiative.ca\/International\/wp-json\/wp\/v2\/posts\/144762\/revisions"}],"wp:attachment":[{"href":"https:\/\/linitiative.ca\/International\/wp-json\/wp\/v2\/media?parent=144762"}],"wp:term":[{"taxonomy":"category","embeddable":true,"href":"https:\/\/linitiative.ca\/International\/wp-json\/wp\/v2\/categories?post=144762"},{"taxonomy":"post_tag","embeddable":true,"href":"https:\/\/linitiative.ca\/International\/wp-json\/wp\/v2\/tags?post=144762"}],"curies":[{"name":"wp","href":"https:\/\/api.w.org\/{rel}","templated":true}]}}