{"id":144763,"date":"2022-04-04T14:00:00","date_gmt":"2022-04-04T18:00:00","guid":{"rendered":"https:\/\/linitiative.ca\/International\/les-indefectibles-liens-de-sang-entre-le-nord-et-le-sud\/"},"modified":"2022-04-04T14:00:00","modified_gmt":"2022-04-04T18:00:00","slug":"les-indefectibles-liens-de-sang-entre-le-nord-et-le-sud","status":"publish","type":"post","link":"https:\/\/linitiative.ca\/International\/les-indefectibles-liens-de-sang-entre-le-nord-et-le-sud\/","title":{"rendered":"Les ind\u00e9fectibles liens de sang entre le Nord et le Sud"},"content":{"rendered":"<div>\n<p class=\"has-text-align-center has-vivid-red-color has-text-color\"><strong>Projection en avant-premi\u00e8re de \u00ab\u00a0SIGA\u00a0\u00bb de Rabii El Jawhari<\/strong><\/p>\n<p class=\"has-black-color has-text-color\"><strong>Le dernier film du r\u00e9alisateur Rabii El Jawhari, \u00ab\u00a0Siga\u00a0\u00bb, a \u00e9t\u00e9 projet\u00e9 vendredi soir en avant-premi\u00e8re, au Cin\u00e9ma Renaissance de Rabat avec une salle obscure qui a agr\u00e9ablement affich\u00e9e comble, faisant dilu\u00e9 le spectre du Covid-19 et ses r\u00e9percussions. Cette s\u00e9ance de projection, organis\u00e9e en partenariat avec l\u2019association \u00ab\u00a0Forum Rabat\u00a0\u00bb qui se d\u00e9die \u00e0 la culture et l\u2019art, a connu la pr\u00e9sence d\u2019une pl\u00e9iade d\u2019artistes, de r\u00e9alisateurs et de producteurs nationaux et internationaux.<\/strong><\/p>\n<p class=\"has-black-color has-text-color\">\u00ab\u00a0Siga\u00a0\u00bb est un projet de c\u0153ur qui aborde la question de l\u2019int\u00e9grit\u00e9 territoriale du Maroc, et l\u2019attachement in\u00e9branlable du peuple marocain \u00e0 l\u2019unit\u00e9 nationale, a d\u00e9clar\u00e9 Rabii El Jawhar dans un mot de circonstance avant la projection du film.<br \/>En outre, \u00ab\u00a0le film rejette la propagande coloniale visant \u00e0 s\u00e9parer les peuples du Sahara marocain de leurs anc\u00eatres Idrissides\u00a0\u00bb, a-t-il affirm\u00e9.<br \/>Le tournage de cette auto-production a commenc\u00e9 juste apr\u00e8s la lev\u00e9e du confinement, a soulign\u00e9 M. El Jawhari, ajoutant que c\u2019est un film 100% national, avec notamment une \u00e9quipe de tournage, de production et technique marocaine.<\/p>\n<p class=\"has-black-color has-text-color\">\u00ab\u00a0Le film est un drame inspir\u00e9 de l\u2019histoire r\u00e9elle d\u2019Abdellah Lamani, un civil qui fut s\u00e9questr\u00e9 durant 23 ans et a subi les pires tortures dans les camps de Tindouf contr\u00f4l\u00e9s par les milices du polisario\u00a0\u00bb, a pr\u00e9cis\u00e9 le r\u00e9alisateur.<br \/>Il a \u00e9galement fait savoir que la diversit\u00e9 des dialectes marocains et sa richesse patrimoniale et culturelle ancestrale sont appuy\u00e9s par des faits historiques qui enrichissent le film.<br \/>\u00ab\u00a0Produit en mars 2022 par Mustapha Bouhalba, \u00ab\u00a0Siga\u00a0\u00bb, a r\u00e9uni des acteurs de haut niveau avec un sc\u00e9nario finement \u00e9labor\u00e9 en plus de sa structure acad\u00e9mique\u00a0\u00bb, a indiqu\u00e9 l\u2019acteur et premier personnage du film Houcine Bouhcine.<br \/>\u00ab\u00a0Le film traite des relations solides et inconditionnelles qui lient les habitants des r\u00e9gions du Nord et celles du Sud du Maroc\u00a0\u00bb, a-t-il expliqu\u00e9.<\/p>\n<p class=\"has-black-color has-text-color\">L\u2019acteur s\u2019est r\u00e9joui d\u2019avoir fait partie de l\u2019\u00e9quipe du tournage qui a compt\u00e9 des confr\u00e8res et collaborateurs originaires de tout le Maroc, c\u00e9l\u00e9brant par ailleurs les diff\u00e9rents dialectes du pays dont l\u2019Amazigh et le Hassani, une fiert\u00e9 commune.<br \/>\u00ab\u00a0Siga\u00a0\u00bb est un film poignant et \u00e9mouvant d\u2019un jeune journaliste enlev\u00e9 et tortur\u00e9 par les milices du polisario avec des dialogues habilement mis au point pour d\u00e9montrer la richesse linguistique du Maroc, accompagn\u00e9 d\u2019images de beaux paysages du Royaume.<br \/>L\u2019\u0153uvre m\u00eale en outre le pass\u00e9 et le pr\u00e9sent en diversifiant les styles de r\u00e9alisation avec cinq r\u00e9cits qui se rejoignent dans une seule histoire.<\/p>\n<p>L\u2019article <a rel=\"nofollow\" href=\"http:\/\/albayane.press.ma\/les-indefectibles-liens-de-sang-entre-le-nord-et-le-sud.html\">Les ind\u00e9fectibles liens de sang entre le Nord et le Sud<\/a> est apparu en premier sur <a rel=\"nofollow\" href=\"http:\/\/albayane.press.ma\/\">ALBAYANE<\/a>.<\/p>\n<\/div>\n<p>Auteur: M&rsquo;hammed rahal<br \/>\n<a href=\"http:\/\/albayane.press.ma\/les-indefectibles-liens-de-sang-entre-le-nord-et-le-sud.html\">Cliquez ici pour lire l&rsquo;article depuis sa source.<\/a><\/p>\n","protected":false},"excerpt":{"rendered":"<p>Projection en avant-premi\u00e8re de \u00ab\u00a0SIGA\u00a0\u00bb de Rabii El Jawhari Le dernier film du r\u00e9alisateur Rabii El Jawhari, \u00ab\u00a0Siga\u00a0\u00bb, a \u00e9t\u00e9 projet\u00e9 vendredi soir en avant-premi\u00e8re, au Cin\u00e9ma Renaissance de Rabat avec une salle obscure qui a agr\u00e9ablement affich\u00e9e comble, faisant dilu\u00e9 le spectre du Covid-19 et ses r\u00e9percussions. Cette s\u00e9ance de projection, organis\u00e9e en partenariat [&hellip;]<\/p>\n","protected":false},"author":1760,"featured_media":0,"comment_status":"closed","ping_status":"closed","sticky":false,"template":"","format":"standard","meta":{"fifu_image_url":"","fifu_image_alt":"","footnotes":""},"categories":[73,54],"tags":[],"class_list":["post-144763","post","type-post","status-publish","format-standard","hentry","category-actualite","category-maroc"],"_links":{"self":[{"href":"https:\/\/linitiative.ca\/International\/wp-json\/wp\/v2\/posts\/144763","targetHints":{"allow":["GET"]}}],"collection":[{"href":"https:\/\/linitiative.ca\/International\/wp-json\/wp\/v2\/posts"}],"about":[{"href":"https:\/\/linitiative.ca\/International\/wp-json\/wp\/v2\/types\/post"}],"author":[{"embeddable":true,"href":"https:\/\/linitiative.ca\/International\/wp-json\/wp\/v2\/users\/1760"}],"replies":[{"embeddable":true,"href":"https:\/\/linitiative.ca\/International\/wp-json\/wp\/v2\/comments?post=144763"}],"version-history":[{"count":0,"href":"https:\/\/linitiative.ca\/International\/wp-json\/wp\/v2\/posts\/144763\/revisions"}],"wp:attachment":[{"href":"https:\/\/linitiative.ca\/International\/wp-json\/wp\/v2\/media?parent=144763"}],"wp:term":[{"taxonomy":"category","embeddable":true,"href":"https:\/\/linitiative.ca\/International\/wp-json\/wp\/v2\/categories?post=144763"},{"taxonomy":"post_tag","embeddable":true,"href":"https:\/\/linitiative.ca\/International\/wp-json\/wp\/v2\/tags?post=144763"}],"curies":[{"name":"wp","href":"https:\/\/api.w.org\/{rel}","templated":true}]}}