{"id":144773,"date":"2022-04-05T11:19:13","date_gmt":"2022-04-05T15:19:13","guid":{"rendered":"https:\/\/linitiative.ca\/International\/14-zones-industrielles-pour-le-nord\/"},"modified":"2022-04-05T11:19:13","modified_gmt":"2022-04-05T15:19:13","slug":"14-zones-industrielles-pour-le-nord","status":"publish","type":"post","link":"https:\/\/linitiative.ca\/International\/14-zones-industrielles-pour-le-nord\/","title":{"rendered":"14 zones industrielles pour le Nord"},"content":{"rendered":"<div>\n<div class=\"field field-name-body field-type-text-with-summary field-label-hidden\">\n<div class=\"field-items\">\n<div class=\"field-item even\" property=\"content:encoded\">\n<p class=\"rtejustify\">14 projets de nouvelles zones industrielles et zones d\u2019activit\u00e9s \u00e9conomiques sur une surface totale de 630 Ha ont \u00e9t\u00e9 lanc\u00e9s au nord en 2021, selon le Centre R\u00e9gional de l\u2019Investissement. Ces projets dont certains sont d\u00e9j\u00e0 entr\u00e9s en service, tel la zone d\u2019activit\u00e9s \u00e9conomiques de Fnideq, ont n\u00e9cessit\u00e9 la mobilisation d\u2019une enveloppe budg\u00e9taire de plus de 2,7 milliards de DH. Ces zones permettront la cr\u00e9ation \u00e0 terme de plus de 88.000 emplois.<\/p>\n<p class=\"rtejustify\"><em>A.A.<\/em><\/p>\n<\/div>\n<\/div>\n<\/div>\n<\/div>\n<p>Auteur: hgueye<br \/>\n<a href=\"https:\/\/www.leconomiste.com\/flash-infos\/14-zones-industrielles-pour-le-nord\">Cliquez ici pour lire l&rsquo;article depuis sa source.<\/a><\/p>\n","protected":false},"excerpt":{"rendered":"<p>14 projets de nouvelles zones industrielles et zones d\u2019activit\u00e9s \u00e9conomiques sur une surface totale de 630 Ha ont \u00e9t\u00e9 lanc\u00e9s au nord en 2021, selon le Centre R\u00e9gional de l\u2019Investissement. Ces projets dont certains sont d\u00e9j\u00e0 entr\u00e9s en service, tel la zone d\u2019activit\u00e9s \u00e9conomiques de Fnideq, ont n\u00e9cessit\u00e9 la mobilisation d\u2019une enveloppe budg\u00e9taire de plus [&hellip;]<\/p>\n","protected":false},"author":1763,"featured_media":0,"comment_status":"closed","ping_status":"closed","sticky":false,"template":"","format":"standard","meta":{"fifu_image_url":"","fifu_image_alt":"","footnotes":""},"categories":[78,54],"tags":[],"class_list":["post-144773","post","type-post","status-publish","format-standard","hentry","category-economie","category-maroc"],"_links":{"self":[{"href":"https:\/\/linitiative.ca\/International\/wp-json\/wp\/v2\/posts\/144773","targetHints":{"allow":["GET"]}}],"collection":[{"href":"https:\/\/linitiative.ca\/International\/wp-json\/wp\/v2\/posts"}],"about":[{"href":"https:\/\/linitiative.ca\/International\/wp-json\/wp\/v2\/types\/post"}],"author":[{"embeddable":true,"href":"https:\/\/linitiative.ca\/International\/wp-json\/wp\/v2\/users\/1763"}],"replies":[{"embeddable":true,"href":"https:\/\/linitiative.ca\/International\/wp-json\/wp\/v2\/comments?post=144773"}],"version-history":[{"count":0,"href":"https:\/\/linitiative.ca\/International\/wp-json\/wp\/v2\/posts\/144773\/revisions"}],"wp:attachment":[{"href":"https:\/\/linitiative.ca\/International\/wp-json\/wp\/v2\/media?parent=144773"}],"wp:term":[{"taxonomy":"category","embeddable":true,"href":"https:\/\/linitiative.ca\/International\/wp-json\/wp\/v2\/categories?post=144773"},{"taxonomy":"post_tag","embeddable":true,"href":"https:\/\/linitiative.ca\/International\/wp-json\/wp\/v2\/tags?post=144773"}],"curies":[{"name":"wp","href":"https:\/\/api.w.org\/{rel}","templated":true}]}}