{"id":144776,"date":"2022-04-05T09:30:00","date_gmt":"2022-04-05T13:30:00","guid":{"rendered":"https:\/\/linitiative.ca\/International\/gonzalo-higuain-va-prendre-sa-retraite-a-la-fin-de-lannee\/"},"modified":"2022-04-05T09:30:00","modified_gmt":"2022-04-05T13:30:00","slug":"gonzalo-higuain-va-prendre-sa-retraite-a-la-fin-de-lannee","status":"publish","type":"post","link":"https:\/\/linitiative.ca\/International\/gonzalo-higuain-va-prendre-sa-retraite-a-la-fin-de-lannee\/","title":{"rendered":"Gonzalo Higuain va prendre sa retraite \u00e0 la fin de l&rsquo;ann\u00e9e"},"content":{"rendered":"<div>\u00c0 l&rsquo;Inter Miami depuis septembre 2020, Gonzalo Higuain poursuit sa saison en Major League Soccer.<\/div>\n<p>Auteur:<br \/>\n<a href=\"https:\/\/www.lebuteur.com\/article\/detail?titre=gonzalo-higuain-va-prendre-sa-retraite-a-la-fin-de-lannee&#038;id=102648\">Cliquez ici pour lire l&rsquo;article depuis sa source.<\/a><\/p>\n","protected":false},"excerpt":{"rendered":"<p>\u00c0 l&rsquo;Inter Miami depuis septembre 2020, Gonzalo Higuain poursuit sa saison en Major League Soccer. Auteur: Cliquez ici pour lire l&rsquo;article depuis sa source.<\/p>\n","protected":false},"author":1738,"featured_media":0,"comment_status":"closed","ping_status":"closed","sticky":false,"template":"","format":"standard","meta":{"fifu_image_url":"","fifu_image_alt":"","footnotes":""},"categories":[53,75],"tags":[],"class_list":["post-144776","post","type-post","status-publish","format-standard","hentry","category-algerie","category-sport"],"_links":{"self":[{"href":"https:\/\/linitiative.ca\/International\/wp-json\/wp\/v2\/posts\/144776","targetHints":{"allow":["GET"]}}],"collection":[{"href":"https:\/\/linitiative.ca\/International\/wp-json\/wp\/v2\/posts"}],"about":[{"href":"https:\/\/linitiative.ca\/International\/wp-json\/wp\/v2\/types\/post"}],"author":[{"embeddable":true,"href":"https:\/\/linitiative.ca\/International\/wp-json\/wp\/v2\/users\/1738"}],"replies":[{"embeddable":true,"href":"https:\/\/linitiative.ca\/International\/wp-json\/wp\/v2\/comments?post=144776"}],"version-history":[{"count":0,"href":"https:\/\/linitiative.ca\/International\/wp-json\/wp\/v2\/posts\/144776\/revisions"}],"wp:attachment":[{"href":"https:\/\/linitiative.ca\/International\/wp-json\/wp\/v2\/media?parent=144776"}],"wp:term":[{"taxonomy":"category","embeddable":true,"href":"https:\/\/linitiative.ca\/International\/wp-json\/wp\/v2\/categories?post=144776"},{"taxonomy":"post_tag","embeddable":true,"href":"https:\/\/linitiative.ca\/International\/wp-json\/wp\/v2\/tags?post=144776"}],"curies":[{"name":"wp","href":"https:\/\/api.w.org\/{rel}","templated":true}]}}