{"id":144777,"date":"2022-04-05T10:00:00","date_gmt":"2022-04-05T14:00:00","guid":{"rendered":"https:\/\/linitiative.ca\/International\/le-real-madrid-veut-boucler-trois-prolongations\/"},"modified":"2022-04-05T10:00:00","modified_gmt":"2022-04-05T14:00:00","slug":"le-real-madrid-veut-boucler-trois-prolongations","status":"publish","type":"post","link":"https:\/\/linitiative.ca\/International\/le-real-madrid-veut-boucler-trois-prolongations\/","title":{"rendered":"Le Real Madrid veut boucler trois prolongations"},"content":{"rendered":"<div>Alors que le mercato madril\u00e8ne est focalis\u00e9 sur Kylian Mbapp\u00e9, le pr\u00e9sident Florentino Perez envisagerait de boucler trois dossiers avant la fin de la saison.<\/div>\n<p>Auteur:<br \/>\n<a href=\"https:\/\/www.lebuteur.com\/article\/detail?titre=le-real-madrid-veut-boucler-trois-prolongations&#038;id=102649\">Cliquez ici pour lire l&rsquo;article depuis sa source.<\/a><\/p>\n","protected":false},"excerpt":{"rendered":"<p>Alors que le mercato madril\u00e8ne est focalis\u00e9 sur Kylian Mbapp\u00e9, le pr\u00e9sident Florentino Perez envisagerait de boucler trois dossiers avant la fin de la saison. Auteur: Cliquez ici pour lire l&rsquo;article depuis sa source.<\/p>\n","protected":false},"author":1738,"featured_media":0,"comment_status":"closed","ping_status":"closed","sticky":false,"template":"","format":"standard","meta":{"fifu_image_url":"","fifu_image_alt":"","footnotes":""},"categories":[53,75],"tags":[],"class_list":["post-144777","post","type-post","status-publish","format-standard","hentry","category-algerie","category-sport"],"_links":{"self":[{"href":"https:\/\/linitiative.ca\/International\/wp-json\/wp\/v2\/posts\/144777","targetHints":{"allow":["GET"]}}],"collection":[{"href":"https:\/\/linitiative.ca\/International\/wp-json\/wp\/v2\/posts"}],"about":[{"href":"https:\/\/linitiative.ca\/International\/wp-json\/wp\/v2\/types\/post"}],"author":[{"embeddable":true,"href":"https:\/\/linitiative.ca\/International\/wp-json\/wp\/v2\/users\/1738"}],"replies":[{"embeddable":true,"href":"https:\/\/linitiative.ca\/International\/wp-json\/wp\/v2\/comments?post=144777"}],"version-history":[{"count":0,"href":"https:\/\/linitiative.ca\/International\/wp-json\/wp\/v2\/posts\/144777\/revisions"}],"wp:attachment":[{"href":"https:\/\/linitiative.ca\/International\/wp-json\/wp\/v2\/media?parent=144777"}],"wp:term":[{"taxonomy":"category","embeddable":true,"href":"https:\/\/linitiative.ca\/International\/wp-json\/wp\/v2\/categories?post=144777"},{"taxonomy":"post_tag","embeddable":true,"href":"https:\/\/linitiative.ca\/International\/wp-json\/wp\/v2\/tags?post=144777"}],"curies":[{"name":"wp","href":"https:\/\/api.w.org\/{rel}","templated":true}]}}