{"id":144786,"date":"2022-04-05T08:29:00","date_gmt":"2022-04-05T12:29:00","guid":{"rendered":"https:\/\/linitiative.ca\/International\/vingt-deux-ans-apres-sa-mort-bourguiba-si-actuel-album-photos\/"},"modified":"2022-04-05T08:29:00","modified_gmt":"2022-04-05T12:29:00","slug":"vingt-deux-ans-apres-sa-mort-bourguiba-si-actuel-album-photos","status":"publish","type":"post","link":"https:\/\/linitiative.ca\/International\/vingt-deux-ans-apres-sa-mort-bourguiba-si-actuel-album-photos\/","title":{"rendered":"Vingt deux ans apr\u00e8s sa mort, Bourguiba, si actuel (Album Photos)"},"content":{"rendered":"<div><img decoding=\"async\" src=\"https:\/\/linitiative.ca\/International\/wp-content\/uploads\/sites\/23\/2022\/04\/1649157302_article.jpg\" alt=\"Vingt deux ans apr\u00e8s sa mort, Bourguiba, si actuel (Album Photos)\" align=\"left\">Vingt deux ans apr\u00e8s sa disparition, le 6 avril 2000, les Tunisiens d\u00e9couvrent de  plus en plus l\u2019\u00e9pop\u00e9e de leur \u00abCombattant supr\u00eame\u00bb Habib Bourguiba. En  ces temps de tiraillements politiques, de fractures identitaires et de  tentatives de remise en cause des avanc\u00e9es modernistes accomplies, il  manque terriblement \u00e0 la nation.\u00a0 Sa pens\u00e9e avant-gardiste, sa vision  perspicace et son ancrage r\u00e9solu dans les valeurs universelles demeurent  une source d\u2019inspiration pour tous les mouvements, en rupture avec  l\u2019obscurantisme et en faveur du progr\u00e8s et de l\u2019\u00e9galit\u00e9.<br \/>\nSe lan\u00e7ant \u00e0 la conqu\u00eate du pouvoir \u00e0 la faveur des prochaines  \u00e9lections l\u00e9gislatives et &#8230;<\/p>\n<\/div>\n<p>Auteur:<br \/>\n<a href=\"https:\/\/www.leaders.com.tn\/article\/33193-vingt-deux-ans-apres-sa-mort-bourguiba-si-actuel-album-photos\">Cliquez ici pour lire l&rsquo;article depuis sa source.<\/a><\/p>\n","protected":false},"excerpt":{"rendered":"<p>Vingt deux ans apr\u00e8s sa disparition, le 6 avril 2000, les Tunisiens d\u00e9couvrent de plus en plus l\u2019\u00e9pop\u00e9e de leur \u00abCombattant supr\u00eame\u00bb Habib Bourguiba. En ces temps de tiraillements politiques, de fractures identitaires et de tentatives de remise en cause des avanc\u00e9es modernistes accomplies, il manque terriblement \u00e0 la nation.\u00a0 Sa pens\u00e9e avant-gardiste, sa vision [&hellip;]<\/p>\n","protected":false},"author":1772,"featured_media":0,"comment_status":"closed","ping_status":"closed","sticky":false,"template":"","format":"standard","meta":{"fifu_image_url":"http:\/\/www.leaders.com.tn\/uploads\/content\/thumbnails_small\/1649157302_article.jpg","fifu_image_alt":"Vingt deux ans apr\u00e8s sa mort, Bourguiba, si actuel (Album Photos)","footnotes":""},"categories":[73,55],"tags":[],"class_list":["post-144786","post","type-post","status-publish","format-standard","hentry","category-actualite","category-tunisie"],"_links":{"self":[{"href":"https:\/\/linitiative.ca\/International\/wp-json\/wp\/v2\/posts\/144786","targetHints":{"allow":["GET"]}}],"collection":[{"href":"https:\/\/linitiative.ca\/International\/wp-json\/wp\/v2\/posts"}],"about":[{"href":"https:\/\/linitiative.ca\/International\/wp-json\/wp\/v2\/types\/post"}],"author":[{"embeddable":true,"href":"https:\/\/linitiative.ca\/International\/wp-json\/wp\/v2\/users\/1772"}],"replies":[{"embeddable":true,"href":"https:\/\/linitiative.ca\/International\/wp-json\/wp\/v2\/comments?post=144786"}],"version-history":[{"count":0,"href":"https:\/\/linitiative.ca\/International\/wp-json\/wp\/v2\/posts\/144786\/revisions"}],"wp:attachment":[{"href":"https:\/\/linitiative.ca\/International\/wp-json\/wp\/v2\/media?parent=144786"}],"wp:term":[{"taxonomy":"category","embeddable":true,"href":"https:\/\/linitiative.ca\/International\/wp-json\/wp\/v2\/categories?post=144786"},{"taxonomy":"post_tag","embeddable":true,"href":"https:\/\/linitiative.ca\/International\/wp-json\/wp\/v2\/tags?post=144786"}],"curies":[{"name":"wp","href":"https:\/\/api.w.org\/{rel}","templated":true}]}}