{"id":144788,"date":"2022-04-05T10:13:00","date_gmt":"2022-04-05T14:13:00","guid":{"rendered":"https:\/\/linitiative.ca\/International\/pourquoi-la-france-appelle-lensemble-des-forces-politiques-en-tunisie-a-sengager-dans-un-dialogue-inclusif\/"},"modified":"2022-04-05T10:13:00","modified_gmt":"2022-04-05T14:13:00","slug":"pourquoi-la-france-appelle-lensemble-des-forces-politiques-en-tunisie-a-sengager-dans-un-dialogue-inclusif","status":"publish","type":"post","link":"https:\/\/linitiative.ca\/International\/pourquoi-la-france-appelle-lensemble-des-forces-politiques-en-tunisie-a-sengager-dans-un-dialogue-inclusif\/","title":{"rendered":"Pourquoi la France appelle l\u2019ensemble des forces politiques en Tunisie \u00e0 s\u2019engager dans un dialogue inclusif"},"content":{"rendered":"<div><img decoding=\"async\" src=\"https:\/\/linitiative.ca\/International\/wp-content\/uploads\/sites\/23\/2022\/04\/1649164426_article.jpg\" alt=\"Quai d\" orsay align=\"left\">\u00ab\u00a0Pr\u00e9occupation, attachement au respect de l\u2019Etat de droit et \u00e0 l\u2019ind\u00e9pendance de la justice, et retour au fonctionnement normal des institutions\u00a0\u00bb : c\u2019est ce que la France a toujours dit en ce qui concerne la Tunisie. Un \u00e9l\u00e9ment significatif est \u00e0 pr\u00e9sent mis en exergue. Interrog\u00e9e lors de son point de presse ce mardi 5 avril, sur la r\u00e9action de la France \u00e0 l\u2019annonce de la dissolution du parlement tunisien, la porte-parole du Quai d\u2019Orsay a \u00e9t\u00e9 tr\u00e8s directe. Apr\u00e8s avoir r\u00e9it\u00e9r\u00e9 les positions de principe, elle a d\u00e9clar\u00e9\u00a0: \u00ab\u00a0Dans le plein respect de la souverainet\u00e9 de la Tunisie, la France appelle \u00e9galement l&rsquo;ensemble des forces politiques du pays \u00e0 s&rsquo;engager &#8230;<\/p>\n<\/div>\n<p>Auteur:<br \/>\n<a href=\"https:\/\/www.leaders.com.tn\/article\/33196-pourquoi-la-france-appelle-l-ensemble-des-forces-politiques-en-tunisie-a-s-engager-dans-un-dialogue-inclusif\">Cliquez ici pour lire l&rsquo;article depuis sa source.<\/a><\/p>\n","protected":false},"excerpt":{"rendered":"<p>\u00ab\u00a0Pr\u00e9occupation, attachement au respect de l\u2019Etat de droit et \u00e0 l\u2019ind\u00e9pendance de la justice, et retour au fonctionnement normal des institutions\u00a0\u00bb : c\u2019est ce que la France a toujours dit en ce qui concerne la Tunisie. Un \u00e9l\u00e9ment significatif est \u00e0 pr\u00e9sent mis en exergue. Interrog\u00e9e lors de son point de presse ce mardi 5 [&hellip;]<\/p>\n","protected":false},"author":1772,"featured_media":0,"comment_status":"closed","ping_status":"closed","sticky":false,"template":"","format":"standard","meta":{"fifu_image_url":"http:\/\/www.leaders.com.tn\/uploads\/content\/thumbnails_small\/1649164426_article.jpg","fifu_image_alt":"Pourquoi la France appelle l\u2019ensemble des forces politiques en Tunisie \u00e0 s\u2019engager dans un dialogue inclusif","footnotes":""},"categories":[73,55],"tags":[],"class_list":["post-144788","post","type-post","status-publish","format-standard","hentry","category-actualite","category-tunisie"],"_links":{"self":[{"href":"https:\/\/linitiative.ca\/International\/wp-json\/wp\/v2\/posts\/144788","targetHints":{"allow":["GET"]}}],"collection":[{"href":"https:\/\/linitiative.ca\/International\/wp-json\/wp\/v2\/posts"}],"about":[{"href":"https:\/\/linitiative.ca\/International\/wp-json\/wp\/v2\/types\/post"}],"author":[{"embeddable":true,"href":"https:\/\/linitiative.ca\/International\/wp-json\/wp\/v2\/users\/1772"}],"replies":[{"embeddable":true,"href":"https:\/\/linitiative.ca\/International\/wp-json\/wp\/v2\/comments?post=144788"}],"version-history":[{"count":0,"href":"https:\/\/linitiative.ca\/International\/wp-json\/wp\/v2\/posts\/144788\/revisions"}],"wp:attachment":[{"href":"https:\/\/linitiative.ca\/International\/wp-json\/wp\/v2\/media?parent=144788"}],"wp:term":[{"taxonomy":"category","embeddable":true,"href":"https:\/\/linitiative.ca\/International\/wp-json\/wp\/v2\/categories?post=144788"},{"taxonomy":"post_tag","embeddable":true,"href":"https:\/\/linitiative.ca\/International\/wp-json\/wp\/v2\/tags?post=144788"}],"curies":[{"name":"wp","href":"https:\/\/api.w.org\/{rel}","templated":true}]}}