{"id":144794,"date":"2022-04-05T11:06:20","date_gmt":"2022-04-05T15:06:20","guid":{"rendered":"https:\/\/linitiative.ca\/International\/le-maroc-augmentera-sa-puissance-eolienne-de-18-gw-dici-2026\/"},"modified":"2022-04-05T11:06:20","modified_gmt":"2022-04-05T15:06:20","slug":"le-maroc-augmentera-sa-puissance-eolienne-de-18-gw-dici-2026","status":"publish","type":"post","link":"https:\/\/linitiative.ca\/International\/le-maroc-augmentera-sa-puissance-eolienne-de-18-gw-dici-2026\/","title":{"rendered":"Le Maroc augmentera sa puissance \u00e9olienne de 1,8 GW d\u2019ici 2026"},"content":{"rendered":"<div><img decoding=\"async\" width=\"800\" height=\"400\" src=\"https:\/\/linitiative.ca\/International\/wp-content\/uploads\/sites\/23\/2022\/04\/shutterstock_275763713-2-800x400-1.jpg\" class=\"attachment-post-thumbnail size-post-thumbnail wp-post-image\" alt=\"\" loading=\"lazy\" srcset=\"https:\/\/linitiative.ca\/International\/wp-content\/uploads\/sites\/23\/2022\/04\/shutterstock_275763713-2-800x400-1.jpg 800w, https:\/\/www.challenge.ma\/wp-content\/uploads\/2022\/04\/shutterstock_275763713-2-800x400-1-300x150.jpg 300w, https:\/\/www.challenge.ma\/wp-content\/uploads\/2022\/04\/shutterstock_275763713-2-800x400-1-768x384.jpg 768w, https:\/\/www.challenge.ma\/wp-content\/uploads\/2022\/04\/shutterstock_275763713-2-800x400-1-360x180.jpg 360w, https:\/\/www.challenge.ma\/wp-content\/uploads\/2022\/04\/shutterstock_275763713-2-800x400-1-750x375.jpg 750w\" sizes=\"auto, (max-width: 800px) 100vw, 800px\" itemprop=\"image\">Le Maroc pourrait augmenter sa production d\u2019\u00e9nergie \u00e9olienne de 1,8 GigaWatt (GW) en 2026, selon le Conseil mondial de l\u2019\u00e9nergie \u00e9olienne, soit suffisamment pour alimenter plus de 1,3 million de foyers. Les donn\u00e9es du rapport indiquent que le Maroc est en bonne voie pour atteindre son objectif national de produire<\/div>\n<p>Auteur: Azeroual Siham<br \/>\n<a href=\"https:\/\/www.challenge.ma\/le-maroc-augmentera-sa-puissance-eolienne-de-18-gw-dici-2026-236203\/\">Cliquez ici pour lire l&rsquo;article depuis sa source.<\/a><\/p>\n","protected":false},"excerpt":{"rendered":"<p>Le Maroc pourrait augmenter sa production d\u2019\u00e9nergie \u00e9olienne de 1,8 GigaWatt (GW) en 2026, selon le Conseil mondial de l\u2019\u00e9nergie \u00e9olienne, soit suffisamment pour alimenter plus de 1,3 million de foyers. Les donn\u00e9es du rapport indiquent que le Maroc est en bonne voie pour atteindre son objectif national de produire Auteur: Azeroual Siham Cliquez ici [&hellip;]<\/p>\n","protected":false},"author":1787,"featured_media":0,"comment_status":"closed","ping_status":"closed","sticky":false,"template":"","format":"standard","meta":{"fifu_image_url":"https:\/\/www.challenge.ma\/wp-content\/uploads\/2022\/04\/shutterstock_275763713-2-800x400-1.jpg","fifu_image_alt":"Le Maroc augmentera sa puissance \u00e9olienne de 1,8 GW d\u2019ici 2026","footnotes":""},"categories":[78,54],"tags":[],"class_list":["post-144794","post","type-post","status-publish","format-standard","hentry","category-economie","category-maroc"],"_links":{"self":[{"href":"https:\/\/linitiative.ca\/International\/wp-json\/wp\/v2\/posts\/144794","targetHints":{"allow":["GET"]}}],"collection":[{"href":"https:\/\/linitiative.ca\/International\/wp-json\/wp\/v2\/posts"}],"about":[{"href":"https:\/\/linitiative.ca\/International\/wp-json\/wp\/v2\/types\/post"}],"author":[{"embeddable":true,"href":"https:\/\/linitiative.ca\/International\/wp-json\/wp\/v2\/users\/1787"}],"replies":[{"embeddable":true,"href":"https:\/\/linitiative.ca\/International\/wp-json\/wp\/v2\/comments?post=144794"}],"version-history":[{"count":0,"href":"https:\/\/linitiative.ca\/International\/wp-json\/wp\/v2\/posts\/144794\/revisions"}],"wp:attachment":[{"href":"https:\/\/linitiative.ca\/International\/wp-json\/wp\/v2\/media?parent=144794"}],"wp:term":[{"taxonomy":"category","embeddable":true,"href":"https:\/\/linitiative.ca\/International\/wp-json\/wp\/v2\/categories?post=144794"},{"taxonomy":"post_tag","embeddable":true,"href":"https:\/\/linitiative.ca\/International\/wp-json\/wp\/v2\/tags?post=144794"}],"curies":[{"name":"wp","href":"https:\/\/api.w.org\/{rel}","templated":true}]}}