{"id":144800,"date":"2022-04-05T15:33:26","date_gmt":"2022-04-05T19:33:26","guid":{"rendered":"https:\/\/linitiative.ca\/International\/massacre-au-darfour-lex-chef-des-janjawids-rattrape-par-son-passe\/"},"modified":"2022-04-05T15:33:26","modified_gmt":"2022-04-05T19:33:26","slug":"massacre-au-darfour-lex-chef-des-janjawids-rattrape-par-son-passe","status":"publish","type":"post","link":"https:\/\/linitiative.ca\/International\/massacre-au-darfour-lex-chef-des-janjawids-rattrape-par-son-passe\/","title":{"rendered":"MASSACRE AU DARFOUR : L\u2019ex-chef des Janjawids rattrap\u00e9 par son pass\u00e9"},"content":{"rendered":"<div>\n<p><img decoding=\"async\" width=\"310\" height=\"163\" src=\"https:\/\/linitiative.ca\/International\/wp-content\/uploads\/sites\/23\/2022\/04\/DARFOUR-2.jpg\" class=\"attachment- size- wp-post-image\" alt=\"\" loading=\"lazy\" style=\"float:left; margin:0 15px 15px 0;\" srcset=\"https:\/\/linitiative.ca\/International\/wp-content\/uploads\/sites\/23\/2022\/04\/DARFOUR-2.jpg 310w, https:\/\/lepays.bf\/wp-content\/uploads\/2022\/04\/DARFOUR-2-300x158.jpg 300w, https:\/\/lepays.bf\/wp-content\/uploads\/2022\/04\/DARFOUR-2-150x79.jpg 150w\" sizes=\"auto, (max-width: 310px) 100vw, 310px\">Ali Mohammed Ali Abd-Al-Rahman alias Kushyab, un ex-chef de milice janjawid, a comparu le 5 avril 2022 \u00e0 La Haye devant la Cour p\u00e9nale internationale (CPI), deux ans apr\u00e8s qu\u2019il a \u00e9t\u00e9 transf\u00e9r\u00e9 de la R\u00e9publique centrafricaine, o\u00f9 il s\u2019\u00e9tait volontairement rendu, pour r\u00e9pondre des [\u2026]<\/p>\n<p>L\u2019article <a rel=\"nofollow\" href=\"https:\/\/lepays.bf\/massacre-au-darfour-lex-chef-des-janjawids-rattrape-par-son-passe\/\">MASSACRE AU DARFOUR : L\u2019ex-chef des Janjawids rattrap\u00e9 par son pass\u00e9<\/a> est apparu en premier sur <a rel=\"nofollow\" href=\"https:\/\/lepays.bf\/\">Editions Le Pays<\/a>.<\/p>\n<\/div>\n<p>Auteur: Editions LEPAYS<br \/>\n<a href=\"https:\/\/lepays.bf\/massacre-au-darfour-lex-chef-des-janjawids-rattrape-par-son-passe\/\">Cliquez ici pour lire l&rsquo;article depuis sa source.<\/a><\/p>\n","protected":false},"excerpt":{"rendered":"<p>Ali Mohammed Ali Abd-Al-Rahman alias Kushyab, un ex-chef de milice janjawid, a comparu le 5 avril 2022 \u00e0 La Haye devant la Cour p\u00e9nale internationale (CPI), deux ans apr\u00e8s qu\u2019il a \u00e9t\u00e9 transf\u00e9r\u00e9 de la R\u00e9publique centrafricaine, o\u00f9 il s\u2019\u00e9tait volontairement rendu, pour r\u00e9pondre des [\u2026] L\u2019article MASSACRE AU DARFOUR : L\u2019ex-chef des Janjawids rattrap\u00e9 [&hellip;]<\/p>\n","protected":false},"author":1813,"featured_media":0,"comment_status":"closed","ping_status":"closed","sticky":false,"template":"","format":"standard","meta":{"fifu_image_url":"https:\/\/lepays.bf\/wp-content\/uploads\/2022\/04\/DARFOUR-2.jpg","fifu_image_alt":"MASSACRE AU DARFOUR : L\u2019ex-chef des Janjawids rattrap\u00e9 par son pass\u00e9","footnotes":""},"categories":[73,81],"tags":[],"class_list":["post-144800","post","type-post","status-publish","format-standard","hentry","category-actualite","category-burkina-faso"],"_links":{"self":[{"href":"https:\/\/linitiative.ca\/International\/wp-json\/wp\/v2\/posts\/144800","targetHints":{"allow":["GET"]}}],"collection":[{"href":"https:\/\/linitiative.ca\/International\/wp-json\/wp\/v2\/posts"}],"about":[{"href":"https:\/\/linitiative.ca\/International\/wp-json\/wp\/v2\/types\/post"}],"author":[{"embeddable":true,"href":"https:\/\/linitiative.ca\/International\/wp-json\/wp\/v2\/users\/1813"}],"replies":[{"embeddable":true,"href":"https:\/\/linitiative.ca\/International\/wp-json\/wp\/v2\/comments?post=144800"}],"version-history":[{"count":0,"href":"https:\/\/linitiative.ca\/International\/wp-json\/wp\/v2\/posts\/144800\/revisions"}],"wp:attachment":[{"href":"https:\/\/linitiative.ca\/International\/wp-json\/wp\/v2\/media?parent=144800"}],"wp:term":[{"taxonomy":"category","embeddable":true,"href":"https:\/\/linitiative.ca\/International\/wp-json\/wp\/v2\/categories?post=144800"},{"taxonomy":"post_tag","embeddable":true,"href":"https:\/\/linitiative.ca\/International\/wp-json\/wp\/v2\/tags?post=144800"}],"curies":[{"name":"wp","href":"https:\/\/api.w.org\/{rel}","templated":true}]}}