{"id":144802,"date":"2022-04-05T15:37:02","date_gmt":"2022-04-05T19:37:02","guid":{"rendered":"https:\/\/linitiative.ca\/International\/enlevement-dune-religieuse-americaine-au-burkina-un-pied-de-nez-a-damiba\/"},"modified":"2022-04-05T15:37:02","modified_gmt":"2022-04-05T19:37:02","slug":"enlevement-dune-religieuse-americaine-au-burkina-un-pied-de-nez-a-damiba","status":"publish","type":"post","link":"https:\/\/linitiative.ca\/International\/enlevement-dune-religieuse-americaine-au-burkina-un-pied-de-nez-a-damiba\/","title":{"rendered":"ENLEVEMENT D\u2019UNE RELIGIEUSE AMERICAINE AU BURKINA : Un pied de nez \u00e0 Damiba  \u00a0"},"content":{"rendered":"<div>\n<p><img decoding=\"async\" width=\"474\" height=\"1080\" src=\"https:\/\/linitiative.ca\/International\/wp-content\/uploads\/sites\/23\/2022\/04\/Religieuse.jpg\" class=\"attachment- size- wp-post-image\" alt=\"\" loading=\"lazy\" style=\"float:left; margin:0 15px 15px 0;\" srcset=\"https:\/\/linitiative.ca\/International\/wp-content\/uploads\/sites\/23\/2022\/04\/Religieuse.jpg 474w, https:\/\/lepays.bf\/wp-content\/uploads\/2022\/04\/Religieuse-132x300.jpg 132w, https:\/\/lepays.bf\/wp-content\/uploads\/2022\/04\/Religieuse-449x1024.jpg 449w, https:\/\/lepays.bf\/wp-content\/uploads\/2022\/04\/Religieuse-66x150.jpg 66w\" sizes=\"auto, (max-width: 474px) 100vw, 474px\">Les groupes arm\u00e9s ont encore fait parler d\u2019eux au Burkina Faso, pays des Hommes int\u00e8gres. Cette fois-ci, il ne s\u2019agit pas d\u2019une attaque spectaculaire comme ils sont coutumiers du fait mais plut\u00f4t d\u2019un rapt qui aura surpris plus d\u2019un. En effet, ils ont proc\u00e9d\u00e9 \u00e0 [\u2026]<\/p>\n<p>L\u2019article <a rel=\"nofollow\" href=\"https:\/\/lepays.bf\/enlevement-dune-religieuse-americaine-au-burkina-un-pied-de-nez-a-damiba\/\">ENLEVEMENT D\u2019UNE RELIGIEUSE AMERICAINE AU BURKINA : Un pied de nez \u00e0 Damiba  \u00a0<\/a> est apparu en premier sur <a rel=\"nofollow\" href=\"https:\/\/lepays.bf\/\">Editions Le Pays<\/a>.<\/p>\n<\/div>\n<p>Auteur: Editions LEPAYS<br \/>\n<a href=\"https:\/\/lepays.bf\/enlevement-dune-religieuse-americaine-au-burkina-un-pied-de-nez-a-damiba\/\">Cliquez ici pour lire l&rsquo;article depuis sa source.<\/a><\/p>\n","protected":false},"excerpt":{"rendered":"<p>Les groupes arm\u00e9s ont encore fait parler d\u2019eux au Burkina Faso, pays des Hommes int\u00e8gres. Cette fois-ci, il ne s\u2019agit pas d\u2019une attaque spectaculaire comme ils sont coutumiers du fait mais plut\u00f4t d\u2019un rapt qui aura surpris plus d\u2019un. En effet, ils ont proc\u00e9d\u00e9 \u00e0 [\u2026] L\u2019article ENLEVEMENT D\u2019UNE RELIGIEUSE AMERICAINE AU BURKINA : Un [&hellip;]<\/p>\n","protected":false},"author":1813,"featured_media":0,"comment_status":"closed","ping_status":"closed","sticky":false,"template":"","format":"standard","meta":{"fifu_image_url":"https:\/\/lepays.bf\/wp-content\/uploads\/2022\/04\/Religieuse.jpg","fifu_image_alt":"ENLEVEMENT D\u2019UNE RELIGIEUSE AMERICAINE AU BURKINA : Un pied de nez \u00e0 Damiba  \u00a0","footnotes":""},"categories":[73,81],"tags":[],"class_list":["post-144802","post","type-post","status-publish","format-standard","hentry","category-actualite","category-burkina-faso"],"_links":{"self":[{"href":"https:\/\/linitiative.ca\/International\/wp-json\/wp\/v2\/posts\/144802","targetHints":{"allow":["GET"]}}],"collection":[{"href":"https:\/\/linitiative.ca\/International\/wp-json\/wp\/v2\/posts"}],"about":[{"href":"https:\/\/linitiative.ca\/International\/wp-json\/wp\/v2\/types\/post"}],"author":[{"embeddable":true,"href":"https:\/\/linitiative.ca\/International\/wp-json\/wp\/v2\/users\/1813"}],"replies":[{"embeddable":true,"href":"https:\/\/linitiative.ca\/International\/wp-json\/wp\/v2\/comments?post=144802"}],"version-history":[{"count":0,"href":"https:\/\/linitiative.ca\/International\/wp-json\/wp\/v2\/posts\/144802\/revisions"}],"wp:attachment":[{"href":"https:\/\/linitiative.ca\/International\/wp-json\/wp\/v2\/media?parent=144802"}],"wp:term":[{"taxonomy":"category","embeddable":true,"href":"https:\/\/linitiative.ca\/International\/wp-json\/wp\/v2\/categories?post=144802"},{"taxonomy":"post_tag","embeddable":true,"href":"https:\/\/linitiative.ca\/International\/wp-json\/wp\/v2\/tags?post=144802"}],"curies":[{"name":"wp","href":"https:\/\/api.w.org\/{rel}","templated":true}]}}