{"id":144806,"date":"2022-04-05T11:26:14","date_gmt":"2022-04-05T15:26:14","guid":{"rendered":"https:\/\/linitiative.ca\/International\/diocese-kaya-soeur-suellen-tennyson-de-nationalite-americaine-enlevee-par-des-hommes-armes-non-identifies\/"},"modified":"2022-04-05T11:26:14","modified_gmt":"2022-04-05T15:26:14","slug":"diocese-kaya-soeur-suellen-tennyson-de-nationalite-americaine-enlevee-par-des-hommes-armes-non-identifies","status":"publish","type":"post","link":"https:\/\/linitiative.ca\/International\/diocese-kaya-soeur-suellen-tennyson-de-nationalite-americaine-enlevee-par-des-hommes-armes-non-identifies\/","title":{"rendered":"Dioc\u00e8se Kaya\u00a0: S\u0153ur Suellen TENNYSON de nationalit\u00e9 am\u00e9ricaine enlev\u00e9e par des hommes arm\u00e9s non identifi\u00e9s"},"content":{"rendered":"<div>\n<p>\u00c2g\u00e9e de 83 ans,<strong> la S\u0153ur religieuse Suellen TENNYSON, de la Congr\u00e9gation des S\u0153urs Marianites de Sainte Croix, nationalit\u00e9 am\u00e9ricaine a \u00e9t\u00e9 enlev\u00e9e dans la nuit du 4 au 5 avril 2022 \u00e0 Yalgo indique un communiqu\u00e9 de \u00a0la dioc\u00e8se de Kaya. Lire le communiqu\u00e9 ci-dessous.<\/strong><\/p>\n<p><strong>\u00a0<\/strong>Dans la nuit du lundi 4 au mardi 5 avril 2022, des Hommes Arm\u00e9s Non Identifi\u00e9s (HANI) ont visit\u00e9 la communaut\u00e9 des religieuses de la paroisse de Yalgo dans le dioc\u00e8se de Kaya. Ils ont enlev\u00e9 la S\u0153ur Suellen TENNYSON, de la Congr\u00e9gation des S\u0153urs Marianites de Sainte Croix. \u00c2g\u00e9e de 83 ans et de nationalit\u00e9 am\u00e9ricaine, elle est en service \u00e0 Yalgo depuis octobre 2014.<\/p>\n<p>La s\u0153ur Suellen TENNYSON a \u00e9t\u00e9 amen\u00e9e vers une destination inconnue par ses ravisseurs qui, avant de partir, ont vandalis\u00e9s des salles, sabot\u00e9 le v\u00e9hicule de la communaut\u00e9 qu\u2019ils ont tent\u00e9 d\u2019emporter.<\/p>\n<p>En attendant que les recherches entreprises pour la retrouver aboutissent, nous restons en communion de pri\u00e8re pour la lib\u00e9ration de la S\u0153ur Suellen TENNYSON. Nous prions aussi pour ses cons\u0153urs, pour sa congr\u00e9gation, ainsi que pour les agents pastoraux et les fid\u00e8les de la paroisse de Yalgo, paroisse situ\u00e9e \u00e0 110 kilom\u00e8tres de Kaya, capitale de la R\u00e9gion du centre-Nord.<\/p>\n<p>Kaya, ce mardi 5 avril 2022<\/p>\n<ul>\n<li>Mgr Th\u00e9ophile NARE,<br \/>\n\u00c9v\u00eaque de Kaya<\/li>\n<\/ul>\n<p>\u00a0<\/p>\n<p>L\u2019article <a rel=\"nofollow\" href=\"https:\/\/www.sidwaya.info\/blog\/2022\/04\/05\/diocese-kaya-soeur-suellen-tennyson-de-nationalite-americaine-enlevee-par-des-hommes-armes-non-identifies\/\">Dioc\u00e8se Kaya\u00a0: S\u0153ur Suellen TENNYSON de nationalit\u00e9 am\u00e9ricaine enlev\u00e9e par des hommes arm\u00e9s non identifi\u00e9s<\/a> est apparu en premier sur <a rel=\"nofollow\" href=\"https:\/\/www.sidwaya.info\/\">Quotidien Sidwaya<\/a>.<\/p>\n<\/div>\n<p>Auteur: BS. Sidwaya<br \/>\n<a href=\"https:\/\/www.sidwaya.info\/blog\/2022\/04\/05\/diocese-kaya-soeur-suellen-tennyson-de-nationalite-americaine-enlevee-par-des-hommes-armes-non-identifies\/?utm_source=rss&#038;utm_medium=rss&#038;utm_campaign=diocese-kaya-soeur-suellen-tennyson-de-nationalite-americaine-enlevee-par-des-hommes-armes-non-identifies\">Cliquez ici pour lire l&rsquo;article depuis sa source.<\/a><\/p>\n","protected":false},"excerpt":{"rendered":"<p>\u00c2g\u00e9e de 83 ans, la S\u0153ur religieuse Suellen TENNYSON, de la Congr\u00e9gation des S\u0153urs Marianites de Sainte Croix, nationalit\u00e9 am\u00e9ricaine a \u00e9t\u00e9 enlev\u00e9e dans la nuit du 4 au 5 avril 2022 \u00e0 Yalgo indique un communiqu\u00e9 de \u00a0la dioc\u00e8se de Kaya. Lire le communiqu\u00e9 ci-dessous. \u00a0Dans la nuit du lundi 4 au mardi 5 [&hellip;]<\/p>\n","protected":false},"author":1816,"featured_media":0,"comment_status":"closed","ping_status":"closed","sticky":false,"template":"","format":"standard","meta":{"fifu_image_url":"","fifu_image_alt":"","footnotes":""},"categories":[73,81],"tags":[],"class_list":["post-144806","post","type-post","status-publish","format-standard","hentry","category-actualite","category-burkina-faso"],"_links":{"self":[{"href":"https:\/\/linitiative.ca\/International\/wp-json\/wp\/v2\/posts\/144806","targetHints":{"allow":["GET"]}}],"collection":[{"href":"https:\/\/linitiative.ca\/International\/wp-json\/wp\/v2\/posts"}],"about":[{"href":"https:\/\/linitiative.ca\/International\/wp-json\/wp\/v2\/types\/post"}],"author":[{"embeddable":true,"href":"https:\/\/linitiative.ca\/International\/wp-json\/wp\/v2\/users\/1816"}],"replies":[{"embeddable":true,"href":"https:\/\/linitiative.ca\/International\/wp-json\/wp\/v2\/comments?post=144806"}],"version-history":[{"count":0,"href":"https:\/\/linitiative.ca\/International\/wp-json\/wp\/v2\/posts\/144806\/revisions"}],"wp:attachment":[{"href":"https:\/\/linitiative.ca\/International\/wp-json\/wp\/v2\/media?parent=144806"}],"wp:term":[{"taxonomy":"category","embeddable":true,"href":"https:\/\/linitiative.ca\/International\/wp-json\/wp\/v2\/categories?post=144806"},{"taxonomy":"post_tag","embeddable":true,"href":"https:\/\/linitiative.ca\/International\/wp-json\/wp\/v2\/tags?post=144806"}],"curies":[{"name":"wp","href":"https:\/\/api.w.org\/{rel}","templated":true}]}}