{"id":144807,"date":"2022-04-05T12:21:47","date_gmt":"2022-04-05T16:21:47","guid":{"rendered":"https:\/\/linitiative.ca\/International\/destruction-de-bars-a-beguedo-31-personnes-interpellees-par-la-police-procureur\/"},"modified":"2022-04-05T12:21:47","modified_gmt":"2022-04-05T16:21:47","slug":"destruction-de-bars-a-beguedo-31-personnes-interpellees-par-la-police-procureur","status":"publish","type":"post","link":"https:\/\/linitiative.ca\/International\/destruction-de-bars-a-beguedo-31-personnes-interpellees-par-la-police-procureur\/","title":{"rendered":"Destruction de bars \u00e0 B\u00e9gu\u00e9do: 31 personnes interpell\u00e9es par la police (Procureur)"},"content":{"rendered":"<div>\n<p><strong>En mars dernier, la destruction de bars \u00e0 B\u00e9gu\u00e9do, une commune rurale situ\u00e9e dans la r\u00e9gion du Centre-Est, avait cr\u00e9\u00e9 de vives r\u00e9actions dans tout le pays. Dans un communiqu\u00e9 qui est \u00e0 Sidwaya Internet, le procureur du Faso pr\u00e8s le Tribunal de grande instance de Tenkodogo, Charles COULIDIATI, annonce l\u2019ouverture d\u2019une enqu\u00eate et l\u2019interpellation de 31 personnes.<\/strong><\/p>\n<p><strong>\u00a0<\/strong>Dans la nuit du 30 au 31 mars 2022, nous avons \u00e9t\u00e9 inform\u00e9s de ce qu\u2019un groupe, d\u2019une cinquantaine de personnes se d\u00e9pla\u00e7ant \u00e0 bord de motocyclettes, s\u2019est adonn\u00e9 \u00e0 des actes de violence, de vandalisme, de destruction et d\u2019incendie de bars (maquis) dans la ville de B\u00e9gu\u00e9do. Des premiers \u00e9l\u00e9ments d\u2019informations recueillis, il ressort que les m\u00eames individus avaient prof\u00e9r\u00e9 des menaces \u00e0 l\u2019encontre des tenanciers des maquis et bars suscit\u00e9s, en les sommant de les fermer dans un d\u00e9lai imparti. A l\u2019expiration de ce d\u00e9lai, les responsables des d\u00e9bits de boissons se sont ex\u00e9cut\u00e9s mais cela n\u2019a pas emp\u00each\u00e9 ces personnes de passer \u00e0 l\u2019acte. Le bilan provisoire fait \u00e9tat de nombreux et d\u2019importants d\u00e9g\u00e2ts mat\u00e9riels. Heureusement, aucune perte en vie humaine n\u2019est \u00e0 d\u00e9plorer.<\/p>\n<p>Une enqu\u00eate a imm\u00e9diatement \u00e9t\u00e9 ouverte par mon parquet en vue d\u2019\u00e9lucider les faits et situer les responsabilit\u00e9s. A cet effet, instruction a \u00e9t\u00e9 donn\u00e9e \u00e0 la police nationale de proc\u00e9der \u00e0 l\u2019interpellation des personnes suspect\u00e9es. Sur la cinquantaine de personnes recherch\u00e9es, trente et une (31) ont pu \u00eatre interpell\u00e9es et l\u2019enqu\u00eate suit son cours. Toute personne victime ou t\u00e9moin des incidents intervenus peut se rendre spontan\u00e9ment au commissariat central de police de la ville de Tenkodogo aux fins de se faire auditionner.<\/p>\n<p>Tout en saluant le professionnalisme des Forces de D\u00e9fense et de S\u00e9curit\u00e9 qui ont conduit cette op\u00e9ration, le parquet de Tenkodogo tient \u00e0 rassurer la population de son engagement ferme \u00e0 faire respecter l\u2019ordre et la loi. Il appelle par ailleurs au calme et invite la population \u00e0 recourir aux autorit\u00e9s comp\u00e9tentes pour le r\u00e8glement de leurs diff\u00e9rends.<\/p>\n<p>\u00a0<\/p>\n<p style=\"text-align: right\"><strong>Tenkodogo, le 05 avril 2022<\/strong><\/p>\n<p style=\"text-align: right\"><strong>Le Procureur du Faso<\/strong><\/p>\n<p style=\"text-align: right\"><strong>Charles COULIDIATI<\/strong><\/p>\n<p>L\u2019article <a rel=\"nofollow\" href=\"https:\/\/www.sidwaya.info\/blog\/2022\/04\/05\/destruction-de-bars-a-beguedo-31-personnes-interpellees-par-la-police\/\">Destruction de bars \u00e0 B\u00e9gu\u00e9do: 31 personnes interpell\u00e9es par la police (Procureur)<\/a> est apparu en premier sur <a rel=\"nofollow\" href=\"https:\/\/www.sidwaya.info\/\">Quotidien Sidwaya<\/a>.<\/p>\n<\/div>\n<p>Auteur: BS. Sidwaya<br \/>\n<a href=\"https:\/\/www.sidwaya.info\/blog\/2022\/04\/05\/destruction-de-bars-a-beguedo-31-personnes-interpellees-par-la-police\/?utm_source=rss&#038;utm_medium=rss&#038;utm_campaign=destruction-de-bars-a-beguedo-31-personnes-interpellees-par-la-police\">Cliquez ici pour lire l&rsquo;article depuis sa source.<\/a><\/p>\n","protected":false},"excerpt":{"rendered":"<p>En mars dernier, la destruction de bars \u00e0 B\u00e9gu\u00e9do, une commune rurale situ\u00e9e dans la r\u00e9gion du Centre-Est, avait cr\u00e9\u00e9 de vives r\u00e9actions dans tout le pays. Dans un communiqu\u00e9 qui est \u00e0 Sidwaya Internet, le procureur du Faso pr\u00e8s le Tribunal de grande instance de Tenkodogo, Charles COULIDIATI, annonce l\u2019ouverture d\u2019une enqu\u00eate et l\u2019interpellation [&hellip;]<\/p>\n","protected":false},"author":1816,"featured_media":0,"comment_status":"closed","ping_status":"closed","sticky":false,"template":"","format":"standard","meta":{"fifu_image_url":"","fifu_image_alt":"","footnotes":""},"categories":[73,81],"tags":[],"class_list":["post-144807","post","type-post","status-publish","format-standard","hentry","category-actualite","category-burkina-faso"],"_links":{"self":[{"href":"https:\/\/linitiative.ca\/International\/wp-json\/wp\/v2\/posts\/144807","targetHints":{"allow":["GET"]}}],"collection":[{"href":"https:\/\/linitiative.ca\/International\/wp-json\/wp\/v2\/posts"}],"about":[{"href":"https:\/\/linitiative.ca\/International\/wp-json\/wp\/v2\/types\/post"}],"author":[{"embeddable":true,"href":"https:\/\/linitiative.ca\/International\/wp-json\/wp\/v2\/users\/1816"}],"replies":[{"embeddable":true,"href":"https:\/\/linitiative.ca\/International\/wp-json\/wp\/v2\/comments?post=144807"}],"version-history":[{"count":0,"href":"https:\/\/linitiative.ca\/International\/wp-json\/wp\/v2\/posts\/144807\/revisions"}],"wp:attachment":[{"href":"https:\/\/linitiative.ca\/International\/wp-json\/wp\/v2\/media?parent=144807"}],"wp:term":[{"taxonomy":"category","embeddable":true,"href":"https:\/\/linitiative.ca\/International\/wp-json\/wp\/v2\/categories?post=144807"},{"taxonomy":"post_tag","embeddable":true,"href":"https:\/\/linitiative.ca\/International\/wp-json\/wp\/v2\/tags?post=144807"}],"curies":[{"name":"wp","href":"https:\/\/api.w.org\/{rel}","templated":true}]}}