{"id":144808,"date":"2022-04-05T13:32:36","date_gmt":"2022-04-05T17:32:36","guid":{"rendered":"https:\/\/linitiative.ca\/International\/fif-lassemblee-generale-valide-les-propositions-de-la-fifa-et-de-la-caf\/"},"modified":"2022-04-05T13:32:36","modified_gmt":"2022-04-05T17:32:36","slug":"fif-lassemblee-generale-valide-les-propositions-de-la-fifa-et-de-la-caf","status":"publish","type":"post","link":"https:\/\/linitiative.ca\/International\/fif-lassemblee-generale-valide-les-propositions-de-la-fifa-et-de-la-caf\/","title":{"rendered":"FIF: L\u2019Assembl\u00e9e g\u00e9n\u00e9rale valide les propositions de la FIFA et de la CAF"},"content":{"rendered":"<div>\n<p>On tire peut-\u00eatre vers la fin de la crise qui secoue le football ivoirien. Ce mardi 5 avril 2022, selon nos confr\u00e8res de Fratmat, l\u2019Assembl\u00e9e g\u00e9n\u00e9rale extraordinaire de la FIF a valid\u00e9 les propositions de la Fifa et de la CAF. Ces instances du football ont recommand\u00e9 que le \u00a0nombre de parrainage des clubs et des groupements d\u2019int\u00e9r\u00eat soit \u00a0fix\u00e9 \u00e0 quatre \u00a0sans cat\u00e9gorisation. Cela ouvre ainsi la voie au \u00a0d\u00e9p\u00f4t des candidatures \u00a0pr\u00e9vu, les 7,8 et 9 avril 2022 ainsi qu\u2019\u00e0 la campagne \u00e9lectorale qui d\u00e9butera le 16 avril 2022. Le\u00a0 23 avril 2022, jour choisi pour l\u2019\u00e9lection, sera connu le nouveau pr\u00e9sident de la FIF. \u00a0Les principaux challengers sont Didier Drogba, Sory Diabat\u00e9 et Idriss Diallo.<\/p>\n<p>A.K<\/p>\n<p>L\u2019article <a rel=\"nofollow\" href=\"https:\/\/www.sidwaya.info\/blog\/2022\/04\/05\/fif-lassemblee-generale-valide-les-propositions-de-la-fifa-et-de-la-caf\/\">FIF: L\u2019Assembl\u00e9e g\u00e9n\u00e9rale valide les propositions de la FIFA et de la CAF<\/a> est apparu en premier sur <a rel=\"nofollow\" href=\"https:\/\/www.sidwaya.info\/\">Quotidien Sidwaya<\/a>.<\/p>\n<\/div>\n<p>Auteur: BS. Sidwaya<br \/>\n<a href=\"https:\/\/www.sidwaya.info\/blog\/2022\/04\/05\/fif-lassemblee-generale-valide-les-propositions-de-la-fifa-et-de-la-caf\/?utm_source=rss&#038;utm_medium=rss&#038;utm_campaign=fif-lassemblee-generale-valide-les-propositions-de-la-fifa-et-de-la-caf\">Cliquez ici pour lire l&rsquo;article depuis sa source.<\/a><\/p>\n","protected":false},"excerpt":{"rendered":"<p>On tire peut-\u00eatre vers la fin de la crise qui secoue le football ivoirien. Ce mardi 5 avril 2022, selon nos confr\u00e8res de Fratmat, l\u2019Assembl\u00e9e g\u00e9n\u00e9rale extraordinaire de la FIF a valid\u00e9 les propositions de la Fifa et de la CAF. Ces instances du football ont recommand\u00e9 que le \u00a0nombre de parrainage des clubs et [&hellip;]<\/p>\n","protected":false},"author":1816,"featured_media":0,"comment_status":"closed","ping_status":"closed","sticky":false,"template":"","format":"standard","meta":{"fifu_image_url":"","fifu_image_alt":"","footnotes":""},"categories":[73,81],"tags":[],"class_list":["post-144808","post","type-post","status-publish","format-standard","hentry","category-actualite","category-burkina-faso"],"_links":{"self":[{"href":"https:\/\/linitiative.ca\/International\/wp-json\/wp\/v2\/posts\/144808","targetHints":{"allow":["GET"]}}],"collection":[{"href":"https:\/\/linitiative.ca\/International\/wp-json\/wp\/v2\/posts"}],"about":[{"href":"https:\/\/linitiative.ca\/International\/wp-json\/wp\/v2\/types\/post"}],"author":[{"embeddable":true,"href":"https:\/\/linitiative.ca\/International\/wp-json\/wp\/v2\/users\/1816"}],"replies":[{"embeddable":true,"href":"https:\/\/linitiative.ca\/International\/wp-json\/wp\/v2\/comments?post=144808"}],"version-history":[{"count":0,"href":"https:\/\/linitiative.ca\/International\/wp-json\/wp\/v2\/posts\/144808\/revisions"}],"wp:attachment":[{"href":"https:\/\/linitiative.ca\/International\/wp-json\/wp\/v2\/media?parent=144808"}],"wp:term":[{"taxonomy":"category","embeddable":true,"href":"https:\/\/linitiative.ca\/International\/wp-json\/wp\/v2\/categories?post=144808"},{"taxonomy":"post_tag","embeddable":true,"href":"https:\/\/linitiative.ca\/International\/wp-json\/wp\/v2\/tags?post=144808"}],"curies":[{"name":"wp","href":"https:\/\/api.w.org\/{rel}","templated":true}]}}