{"id":144811,"date":"2022-04-05T17:28:16","date_gmt":"2022-04-05T21:28:16","guid":{"rendered":"https:\/\/linitiative.ca\/International\/lutte-contre-le-terrorisme-les-membres-de-la-task-force-installes\/"},"modified":"2022-04-05T17:28:16","modified_gmt":"2022-04-05T21:28:16","slug":"lutte-contre-le-terrorisme-les-membres-de-la-task-force-installes","status":"publish","type":"post","link":"https:\/\/linitiative.ca\/International\/lutte-contre-le-terrorisme-les-membres-de-la-task-force-installes\/","title":{"rendered":"Lutte contre le terrorisme : les membres de la Task-Force install\u00e9s"},"content":{"rendered":"<div>\n<p><strong>Le Premier ministre, Albert Ou\u00e9draogo a proc\u00e9d\u00e9 ce, mardi 5 avril 2022, \u00e0 l\u2019installation des membres de la Task-Force pour l\u2019op\u00e9rationnalisation de la Strat\u00e9gie nationale de lutte contre le terrorisme (SNLCT). Compos\u00e9e des membres ayant particip\u00e9 \u00e0 l\u2019\u00e9laboration de la strat\u00e9gie nationale, cette Task-Force dispose de trois (03) semaines pour finaliser ladite strat\u00e9gie, assortie d\u2019actions concr\u00e8tes qui puissent permettre une prise en charge globale des questions s\u00e9curitaires au Burkina Faso. Pour le chef du gouvernement, cet organe devrait permettre \u00e0 notre pays, d\u2019amorcer un nouveau virage dans la lutte contre le terrorisme. <\/strong><\/p>\n<figure id=\"attachment_47666\" aria-describedby=\"caption-attachment-47666\" style=\"width: 300px\" class=\"wp-caption alignleft\"><img loading=\"lazy\" decoding=\"async\" class=\"wp-image-47666 size-medium\" src=\"https:\/\/linitiative.ca\/International\/wp-content\/uploads\/sites\/23\/2022\/04\/4-300x214-1.jpg\" alt=\"\" width=\"300\" height=\"214\" srcset=\"https:\/\/linitiative.ca\/International\/wp-content\/uploads\/sites\/23\/2022\/04\/4-300x214-1.jpg 300w, https:\/\/www.sidwaya.info\/wp-content\/uploads\/2022\/04\/4-150x107.jpg 150w, https:\/\/www.sidwaya.info\/wp-content\/uploads\/2022\/04\/4-589x420.jpg 589w, https:\/\/www.sidwaya.info\/wp-content\/uploads\/2022\/04\/4-100x70.jpg 100w, https:\/\/www.sidwaya.info\/wp-content\/uploads\/2022\/04\/4.jpg 595w\" sizes=\"auto, (max-width: 300px) 100vw, 300px\"><figcaption id=\"caption-attachment-47666\" class=\"wp-caption-text\">Le Premier ministre Albert Ou\u00e9draogo: \u201ccet organe va nous permettre d\u2019amorcer un nouveau virage dans la lutte contre le terrorisme\u201d.<\/figcaption><\/figure>\n<p>Impulser une nouvelle dynamique dans la lutte contre le terrorisme qui menace depuis 2015 les fondements de l\u2019Etat Burkinab\u00e8, tel est l\u2019objectif assign\u00e9e \u00e0 la Task-Force dont les membres ont \u00e9t\u00e9 officiellement\u00a0install\u00e9s, le mardi 5 avril 2022, par le Premier ministre, Albert Ou\u00e9draogo. Compos\u00e9e de 19 membres, cette \u00e9quipe pluridisciplinaire est compos\u00e9e d\u2019\u00e9minentes personnalit\u00e9s issues des FDS et des civils sp\u00e9cialistes des questions s\u00e9curitaires ou ayant tous particip\u00e9 \u00e0 l\u2019\u00e9laboration de la Strat\u00e9gie nationale de lutte contre le terrorisme en 2021. Cet organe qui va travailler sous la supervision des ministres concern\u00e9s, aura pour mission, d\u2019achever le processus d\u2019approbation du document provisoire qui, selon le chef du gouvernement, a \u00ab\u00a0\u00e9t\u00e9 \u00e9labor\u00e9 dans un contexte de difficult\u00e9s de la gouvernance qui n\u2019a pas permis de l\u2019op\u00e9rationnaliser\u00a0\u00bb.<\/p>\n<p>D\u00e8s l\u2019av\u00e8nement du Mouvement Patriotique pour la Sauvegarde et la Restauration (MPSR), les nouvelles autorit\u00e9s ont d\u00e9cid\u00e9 de parachever cette strat\u00e9gie. Ainsi, la mission confi\u00e9e ce jour aux membres de la Task-Force est la finalisation du document, l\u2019\u00e9laboration d\u2019un plan d\u2019action et d\u2019une feuille de route de sa mise en \u0153uvre, ainsi qu\u2019une proposition de l\u2019architecture d\u2019une coordination nationale.\u00a0Si dans le pass\u00e9, l\u2019accent \u00e9tait surtout mis sur l\u2019option militaire dans la lutte contre le terrorisme, le Premier ministre reconnait que de nos jours, il faut adapter cette strat\u00e9gie avec une \u00ab\u00a0approche holistique permettant de prendre en compte toutes les dimensions et les r\u00e9alit\u00e9s complexes de cette menace asym\u00e9trique, hybride, diffuse et transnationale\u00a0\u00bb.<\/p>\n<figure id=\"attachment_47664\" aria-describedby=\"caption-attachment-47664\" style=\"width: 300px\" class=\"wp-caption alignright\"><img decoding=\"async\" loading=\"lazy\" class=\"wp-image-47664 size-medium\" src=\"https:\/\/linitiative.ca\/International\/wp-content\/uploads\/sites\/23\/2022\/04\/2-1-300x187-1.jpg\" alt=\"\" width=\"300\" height=\"187\" srcset=\"https:\/\/linitiative.ca\/International\/wp-content\/uploads\/sites\/23\/2022\/04\/2-1-300x187-1.jpg 300w, https:\/\/www.sidwaya.info\/wp-content\/uploads\/2022\/04\/2-1-150x93.jpg 150w, https:\/\/www.sidwaya.info\/wp-content\/uploads\/2022\/04\/2-1.jpg 595w\" sizes=\"auto, (max-width: 300px) 100vw, 300px\"><figcaption id=\"caption-attachment-47664\" class=\"wp-caption-text\">La Task-Force a \u00e9t\u00e9 invit\u00e9e \u00e0 s\u2019investir \u00e0 fond pour la r\u00e9ussite de sa mission.<\/figcaption><\/figure>\n<p>Cette nouvelle strat\u00e9gie tant attendue par les autorit\u00e9s et les populations, devrait permettre en plus des actions militaires qui n\u2019ont pas permis\u00a0\u00ab\u00a0de contrer l\u2019avanc\u00e9e de la menace terroriste, d\u2019y ajouter d\u2019autres param\u00e8tres et non des moindres. C\u2019est pourquoi dira le ministre d\u2019Etat, ministre de la D\u00e9fense et des Anciens Combattants, Aim\u00e9 Barth\u00e9l\u00e9my Simpor\u00e9, la strat\u00e9gie attendue sera globale, inclusive et participative. En effet, afin de prendre en charge tous les aspects de la lutte contre le terrorisme, les diff\u00e9rents acteurs seront consult\u00e9s\u00a0: \u00ab\u00a0il faut s\u2019attendre les mois \u00e0 venir \u00e0 ce qu\u2019il y ait une grosse mobilisation nationale sur le th\u00e8me de la prise en charge par notre soci\u00e9t\u00e9, de cette lutte contre le terrorisme pour accompagner ce que faisait d\u00e9j\u00e0 l\u2019arm\u00e9e\u00a0\u00bb, a d\u00e9clar\u00e9 le ministre en charge de la d\u00e9fense. Cela \u00a0permettrait \u00e0 notre Nation \u00ab\u00a0de trouver une nouvelle visibilit\u00e9 dans la lutte contre le terrorisme\u00a0\u00bb. La s\u00e9curit\u00e9 reste la priorit\u00e9 n\u00b01 des autorit\u00e9s et des populations burkinab\u00e8. Et l\u2019op\u00e9rationnalisation le plus t\u00f4t possible de la Strat\u00e9gie nationale est d\u2019actualit\u00e9. C\u2019est pourquoi le Chef du Gouvernement a exhort\u00e9 les membres de la Task-Force \u00e0 \u00ab\u00a0s\u2019investir \u00e0 fond pour la r\u00e9ussite de cette mission \u00e0 l\u2019issue de laquelle notre Nation fonde l\u2019espoir de voir enfin poindre l\u2019horizon de la paix et de la s\u00e9curit\u00e9 retrouv\u00e9es\u00a0\u00bb. Le Colonel-major \u00e0 la retraite, Th\u00e9odore Naba Pal\u00e9, est le coordonnateur de la Task-Force.<\/p>\n<p style=\"text-align: right\"><strong>DCRP \/ Primature<\/strong><\/p>\n<p>L\u2019article <a rel=\"nofollow\" href=\"https:\/\/www.sidwaya.info\/blog\/2022\/04\/05\/lutte-contre-le-terrorisme-les-membres-de-la-task-force-installes\/\">Lutte contre le terrorisme : les membres de la Task-Force install\u00e9s<\/a> est apparu en premier sur <a rel=\"nofollow\" href=\"https:\/\/www.sidwaya.info\/\">Quotidien Sidwaya<\/a>.<\/p>\n<\/div>\n<p>Auteur: JK. Sidwaya<br \/>\n<a href=\"https:\/\/www.sidwaya.info\/blog\/2022\/04\/05\/lutte-contre-le-terrorisme-les-membres-de-la-task-force-installes\/?utm_source=rss&#038;utm_medium=rss&#038;utm_campaign=lutte-contre-le-terrorisme-les-membres-de-la-task-force-installes\">Cliquez ici pour lire l&rsquo;article depuis sa source.<\/a><\/p>\n","protected":false},"excerpt":{"rendered":"<p>Le Premier ministre, Albert Ou\u00e9draogo a proc\u00e9d\u00e9 ce, mardi 5 avril 2022, \u00e0 l\u2019installation des membres de la Task-Force pour l\u2019op\u00e9rationnalisation de la Strat\u00e9gie nationale de lutte contre le terrorisme (SNLCT). Compos\u00e9e des membres ayant particip\u00e9 \u00e0 l\u2019\u00e9laboration de la strat\u00e9gie nationale, cette Task-Force dispose de trois (03) semaines pour finaliser ladite strat\u00e9gie, assortie d\u2019actions [&hellip;]<\/p>\n","protected":false},"author":1816,"featured_media":0,"comment_status":"closed","ping_status":"closed","sticky":false,"template":"","format":"standard","meta":{"fifu_image_url":"https:\/\/www.sidwaya.info\/wp-content\/uploads\/2022\/04\/4-300x214.jpg","fifu_image_alt":"Lutte contre le terrorisme : les membres de la Task-Force install\u00e9s","footnotes":""},"categories":[73,81],"tags":[],"class_list":["post-144811","post","type-post","status-publish","format-standard","hentry","category-actualite","category-burkina-faso"],"_links":{"self":[{"href":"https:\/\/linitiative.ca\/International\/wp-json\/wp\/v2\/posts\/144811","targetHints":{"allow":["GET"]}}],"collection":[{"href":"https:\/\/linitiative.ca\/International\/wp-json\/wp\/v2\/posts"}],"about":[{"href":"https:\/\/linitiative.ca\/International\/wp-json\/wp\/v2\/types\/post"}],"author":[{"embeddable":true,"href":"https:\/\/linitiative.ca\/International\/wp-json\/wp\/v2\/users\/1816"}],"replies":[{"embeddable":true,"href":"https:\/\/linitiative.ca\/International\/wp-json\/wp\/v2\/comments?post=144811"}],"version-history":[{"count":0,"href":"https:\/\/linitiative.ca\/International\/wp-json\/wp\/v2\/posts\/144811\/revisions"}],"wp:attachment":[{"href":"https:\/\/linitiative.ca\/International\/wp-json\/wp\/v2\/media?parent=144811"}],"wp:term":[{"taxonomy":"category","embeddable":true,"href":"https:\/\/linitiative.ca\/International\/wp-json\/wp\/v2\/categories?post=144811"},{"taxonomy":"post_tag","embeddable":true,"href":"https:\/\/linitiative.ca\/International\/wp-json\/wp\/v2\/tags?post=144811"}],"curies":[{"name":"wp","href":"https:\/\/api.w.org\/{rel}","templated":true}]}}