{"id":144814,"date":"2022-04-05T11:18:59","date_gmt":"2022-04-05T15:18:59","guid":{"rendered":"https:\/\/linitiative.ca\/International\/bandjoun-une-fillette-de-2-ans-tuee-et-jetee-dans-un-puits\/"},"modified":"2022-04-05T11:18:59","modified_gmt":"2022-04-05T15:18:59","slug":"bandjoun-une-fillette-de-2-ans-tuee-et-jetee-dans-un-puits","status":"publish","type":"post","link":"https:\/\/linitiative.ca\/International\/bandjoun-une-fillette-de-2-ans-tuee-et-jetee-dans-un-puits\/","title":{"rendered":"Bandjoun : une fillette de 2 ans tu\u00e9e et jet\u00e9e dans un puits"},"content":{"rendered":"<div>\n<p><img decoding=\"async\" width=\"733\" height=\"550\" src=\"https:\/\/linitiative.ca\/International\/wp-content\/uploads\/sites\/23\/2022\/04\/puit.jpg\" class=\"attachment-post-thumbnail size-post-thumbnail wp-post-image\" alt=\"\" loading=\"lazy\" srcset=\"https:\/\/linitiative.ca\/International\/wp-content\/uploads\/sites\/23\/2022\/04\/puit.jpg 733w, https:\/\/www.journalducameroun.com\/wp-content\/uploads\/2022\/04\/puit-300x225.jpg 300w, https:\/\/www.journalducameroun.com\/wp-content\/uploads\/2022\/04\/puit-586x440.jpg 586w, https:\/\/www.journalducameroun.com\/wp-content\/uploads\/2022\/04\/puit-600x450.jpg 600w\" sizes=\"auto, (max-width: 733px) 100vw, 733px\"><\/p>\n<div class=\"kvgmc6g5 cxmmr5t8 oygrvhab hcukyx3x c1et5uql ii04i59q\">\n<div dir=\"auto\"><\/div>\n<h2 dir=\"auto\" style=\"text-align: justify;\">La petite Belviane Mewabo \u00e2g\u00e9e de 2 ans a \u00e9t\u00e9 tu\u00e9e par la co\u00e9pouse de sa m\u00e8re samedi dernier au quartier Tsela \u00e0 Bandjoun dans le d\u00e9partement de KOUNG KI et jet\u00e9e dans un puits.<\/h2>\n<div dir=\"auto\"><\/div>\n<\/div>\n<div class=\"cxmmr5t8 oygrvhab hcukyx3x c1et5uql o9v6fnle ii04i59q\" style=\"text-align: justify;\">\n<div dir=\"auto\"><strong>Belviane Mewabo<\/strong>, 2 ans ne vit plus. La fillette a \u00e9t\u00e9 assassin\u00e9e par la <strong>co\u00e9pouse de sa m\u00e8re<\/strong>. La pr\u00e9sum\u00e9e meurtri\u00e8re est pass\u00e9e aux aveux apr\u00e8s avoir \u00e9t\u00e9 interpell\u00e9e par la brigade.<\/div>\n<div dir=\"auto\">La raison de cet <strong>assassinat<\/strong> \u00e9tait une r\u00e9plique suite \u00e0 la bastonnade que lui avait afflig\u00e9 le p\u00e8re de la petite Belviane quelques jours plut\u00f4t.<\/div>\n<\/div>\n<div class=\"cxmmr5t8 oygrvhab hcukyx3x c1et5uql o9v6fnle ii04i59q\" style=\"text-align: justify;\">\n<div dir=\"auto\">Apr\u00e8s avoir constat\u00e9 que la fillette \u00e9tait rest\u00e9e seule \u00e0 la maison et dormait, l&rsquo;infortun\u00e9e va la r\u00e9veiller avant de la jeter dans un puits de plus de 25 m\u00e8tres de profondeur. Le p\u00e8re de la victime voit sa fillette arrach\u00e9e \u00e0 la vie alors qu&rsquo;il \u00e9tait au chevet de son \u00e9pouse qui venait de mettre au monde leur nouveau n\u00e9.<\/div>\n<\/div>\n<div class=\"cxmmr5t8 oygrvhab hcukyx3x c1et5uql o9v6fnle ii04i59q\" style=\"text-align: justify;\">\n<div dir=\"auto\"><\/div>\n<div dir=\"auto\">La meurtri\u00e8re, elle m\u00eame m\u00e8re d&rsquo;un nourrisson de 18 mois,\u00a0 sera pr\u00e9sent\u00e9e devant les juridictions ce mardi 05 avril 2022.<\/div>\n<\/div>\n<div dir=\"auto\" style=\"text-align: justify;\">Ce cas rejoint un semblable qui s&rsquo;est produit \u00e0 Yaound\u00e9 il y a peu. Le 29 mars 2022, le petit Mouctar \u00e2g\u00e9 \u00e9galement de 2 ans a \u00e9t\u00e9 retrouv\u00e9 mort dans un puits au quartier Bastos.<\/div>\n<div dir=\"auto\" style=\"text-align: justify;\">Alors qu&rsquo;il repose d\u00e9sormais au cimeti\u00e8re de Soa les circonstances de sa mort reste trouble.<\/div>\n<p>Cet article <a rel=\"nofollow\" href=\"https:\/\/www.journalducameroun.com\/bandjoun-une-fillette-de-2-ans-tuee-et-jetee-dans-un-puits\/\">Bandjoun : une fillette de 2 ans tu\u00e9e et jet\u00e9e dans un puits<\/a> est apparu en premier sur <a rel=\"nofollow\" href=\"https:\/\/www.journalducameroun.com\/\">Journal du Cameroun<\/a>.<\/p>\n<\/div>\n<p>Auteur: Esther FOSSI<br \/>\n<a href=\"https:\/\/www.journalducameroun.com\/bandjoun-une-fillette-de-2-ans-tuee-et-jetee-dans-un-puits\/\">Cliquez ici pour lire l&rsquo;article depuis sa source.<\/a><\/p>\n","protected":false},"excerpt":{"rendered":"<p>La petite Belviane Mewabo \u00e2g\u00e9e de 2 ans a \u00e9t\u00e9 tu\u00e9e par la co\u00e9pouse de sa m\u00e8re samedi dernier au quartier Tsela \u00e0 Bandjoun dans le d\u00e9partement de KOUNG KI et jet\u00e9e dans un puits. Belviane Mewabo, 2 ans ne vit plus. La fillette a \u00e9t\u00e9 assassin\u00e9e par la co\u00e9pouse de sa m\u00e8re. La pr\u00e9sum\u00e9e [&hellip;]<\/p>\n","protected":false},"author":1965,"featured_media":0,"comment_status":"closed","ping_status":"closed","sticky":false,"template":"","format":"standard","meta":{"fifu_image_url":"https:\/\/www.journalducameroun.com\/wp-content\/uploads\/2022\/04\/puit.jpg","fifu_image_alt":"Bandjoun : une fillette de 2 ans tu\u00e9e et jet\u00e9e dans un puits","footnotes":""},"categories":[73,82],"tags":[],"class_list":["post-144814","post","type-post","status-publish","format-standard","hentry","category-actualite","category-cameroun"],"_links":{"self":[{"href":"https:\/\/linitiative.ca\/International\/wp-json\/wp\/v2\/posts\/144814","targetHints":{"allow":["GET"]}}],"collection":[{"href":"https:\/\/linitiative.ca\/International\/wp-json\/wp\/v2\/posts"}],"about":[{"href":"https:\/\/linitiative.ca\/International\/wp-json\/wp\/v2\/types\/post"}],"author":[{"embeddable":true,"href":"https:\/\/linitiative.ca\/International\/wp-json\/wp\/v2\/users\/1965"}],"replies":[{"embeddable":true,"href":"https:\/\/linitiative.ca\/International\/wp-json\/wp\/v2\/comments?post=144814"}],"version-history":[{"count":0,"href":"https:\/\/linitiative.ca\/International\/wp-json\/wp\/v2\/posts\/144814\/revisions"}],"wp:attachment":[{"href":"https:\/\/linitiative.ca\/International\/wp-json\/wp\/v2\/media?parent=144814"}],"wp:term":[{"taxonomy":"category","embeddable":true,"href":"https:\/\/linitiative.ca\/International\/wp-json\/wp\/v2\/categories?post=144814"},{"taxonomy":"post_tag","embeddable":true,"href":"https:\/\/linitiative.ca\/International\/wp-json\/wp\/v2\/tags?post=144814"}],"curies":[{"name":"wp","href":"https:\/\/api.w.org\/{rel}","templated":true}]}}